{"id":1093,"date":"2020-05-11T03:00:06","date_gmt":"2020-05-11T01:00:06","guid":{"rendered":"http:\/\/actio-catholica.hu\/?p=1093"},"modified":"2020-05-11T03:56:17","modified_gmt":"2020-05-11T01:56:17","slug":"a-satan-frontalis-tamadasa-3500-rendor-vette-korbe-fatimat","status":"publish","type":"post","link":"https:\/\/actio-catholica.hu\/index.php\/2020\/05\/11\/a-satan-frontalis-tamadasa-3500-rendor-vette-korbe-fatimat\/","title":{"rendered":"\ud83d\udc7f &#8211; A s\u00e1t\u00e1n front\u00e1lis t\u00e1mad\u00e1sa: 3500 rend\u0151r vette k\u00f6rbe Fatim\u00e1t"},"content":{"rendered":"<p><em>A fatimai kegyhelyre ter\u00fclet\u00e9re szigor\u00fa \u0151rizetet (karant\u00e9nt) rendeltek el, hogy megakad\u00e1lyozz\u00e1k a zar\u00e1ndokok bejut\u00e1s\u00e1t a jelen\u00e9sek \u00e9vfordul\u00f3j\u00e1n &#8211; tudtuk meg egy m\u00e9diariportb\u00f3l.<\/em><\/p>\n<p style=\"text-align: justify;\"><!--more--><img loading=\"lazy\" decoding=\"async\" class=\"aligncenter size-full wp-image-1094\" src=\"http:\/\/actio-catholica.hu\/wp-content\/uploads\/2020\/05\/Fatima_2.jpg\" alt=\"\" width=\"660\" height=\"300\" srcset=\"https:\/\/actio-catholica.hu\/wp-content\/uploads\/2020\/05\/Fatima_2.jpg 660w, https:\/\/actio-catholica.hu\/wp-content\/uploads\/2020\/05\/Fatima_2-300x136.jpg 300w\" sizes=\"auto, (max-width: 660px) 100vw, 660px\" \/><a href=\"https:\/\/veritasliberabitvos.info\/alairom-a-felhivast\/\"><img loading=\"lazy\" decoding=\"async\" class=\"aligncenter size-full wp-image-1086\" src=\"http:\/\/actio-catholica.hu\/wp-content\/uploads\/2020\/05\/Al\u00e1\u00edrom.png\" alt=\"\" width=\"307\" height=\"75\" srcset=\"https:\/\/actio-catholica.hu\/wp-content\/uploads\/2020\/05\/Al\u00e1\u00edrom.png 307w, https:\/\/actio-catholica.hu\/wp-content\/uploads\/2020\/05\/Al\u00e1\u00edrom-300x73.png 300w\" sizes=\"auto, (max-width: 307px) 100vw, 307px\" \/><\/a>A m\u0171veletben 3500 rend\u0151r vesz r\u00e9szt \u00e9s k\u00e9t r\u00e9szben ker\u00fcl megval\u00f3s\u00edt\u00e1sra. M\u00e1jus 12-ig a rend\u0151r\u00f6k megakad\u00e1lyozz\u00e1k a kegyhelyre val\u00f3 bel\u00e9p\u00e9st \u00e9s a k\u00f6rnyez\u0151 ter\u00fcleteken val\u00f3 parkol\u00e1st, valamint azt javasolj\u00e1k a zar\u00e1ndokoknak, hogy menjenek haza.<\/p>\n<p style=\"text-align: justify;\">A leg\u00f6sszetettebb szakasz a jelen\u00e9sek napjain lesz (m\u00e1jus 12. \u00e9s 13.). Ekkor lovas rend\u0151r\u00f6k fognak j\u00e1r\u0151r\u00f6zni, valamint rend\u0151rkuty\u00e1kkal is rendszeresen v\u00e9gigj\u00e1rj\u00e1k a ter\u00fcletet, hogy <span style=\"text-decoration: underline;\">megv\u00e9dj\u00e9k a kegyhelyet a zar\u00e1ndokokt\u00f3l<\/span>.<\/p>\n<p style=\"text-align: justify;\">A kegyhelyhez vezet\u0151 \u00f6sszes utat be fogj\u00e1k z\u00e1rni. Aljustrel, a h\u00e1rom kis p\u00e1sztor faluja (Lucia, Francisco and Jacinta), Valinhos (az augusztusi jelen\u00e9s helye), valamint a kereszt\u00fat szint\u00e9n tilt\u00e1s al\u00e1 ker\u00fcl.<a href=\"https:\/\/veritasliberabitvos.info\/alairom-a-felhivast\/\"><img loading=\"lazy\" decoding=\"async\" class=\"aligncenter size-full wp-image-1086\" src=\"http:\/\/actio-catholica.hu\/wp-content\/uploads\/2020\/05\/Al\u00e1\u00edrom.png\" alt=\"\" width=\"307\" height=\"75\" srcset=\"https:\/\/actio-catholica.hu\/wp-content\/uploads\/2020\/05\/Al\u00e1\u00edrom.png 307w, https:\/\/actio-catholica.hu\/wp-content\/uploads\/2020\/05\/Al\u00e1\u00edrom-300x73.png 300w\" sizes=\"auto, (max-width: 307px) 100vw, 307px\" \/><\/a><span style=\"color: #008000;\"><span style=\"color: #000000;\">Forr\u00e1s: <a href=\"https:\/\/gloria.tv\/post\/wTpcdzeUTmEv3simX7Wa8ZwwM\" target=\"_blank\" rel=\"noopener noreferrer\">gloria.tv<\/a><\/span><\/span><\/p>\n<p style=\"text-align: justify;\"><span style=\"color: #008000;\">Szerk.:<em> A ford\u00edt\u00e1st jav\u00edtottuk a magyar nyelvhelyess\u00e9g szerint.<\/em><\/span><\/p>\n","protected":false},"excerpt":{"rendered":"<p>A fatimai kegyhelyre ter\u00fclet\u00e9re szigor\u00fa \u0151rizetet (karant\u00e9nt) rendeltek el, hogy megakad\u00e1lyozz\u00e1k a zar\u00e1ndokok bejut\u00e1s\u00e1t a jelen\u00e9sek \u00e9vfordul\u00f3j\u00e1n &#8211; tudtuk meg egy m\u00e9diariportb\u00f3l.<\/p>\n","protected":false},"author":3,"featured_media":1094,"comment_status":"closed","ping_status":"closed","sticky":false,"template":"","format":"standard","meta":{"h5ap_radio_sources":[],"footnotes":""},"categories":[181],"tags":[435,44,426,432,434,429,433,359,427,54,436,55,431,361,411,76,75,428,437,430],"class_list":["post-1093","post","type-post","status-publish","format-standard","has-post-thumbnail","hentry","category-hirek","tag-aljustrel","tag-egyhaz","tag-fatima","tag-francisco","tag-gyerek","tag-hit-elhagyas","tag-jacinta","tag-jarvany","tag-jelenes","tag-jezus","tag-kegyhely","tag-krisztus","tag-lucia","tag-pandemia","tag-pasztor","tag-szuz-maria","tag-szuzanya","tag-titok","tag-valinhos","tag-vegso-idok"],"_links":{"self":[{"href":"https:\/\/actio-catholica.hu\/index.php\/wp-json\/wp\/v2\/posts\/1093","targetHints":{"allow":["GET"]}}],"collection":[{"href":"https:\/\/actio-catholica.hu\/index.php\/wp-json\/wp\/v2\/posts"}],"about":[{"href":"https:\/\/actio-catholica.hu\/index.php\/wp-json\/wp\/v2\/types\/post"}],"author":[{"embeddable":true,"href":"https:\/\/actio-catholica.hu\/index.php\/wp-json\/wp\/v2\/users\/3"}],"replies":[{"embeddable":true,"href":"https:\/\/actio-catholica.hu\/index.php\/wp-json\/wp\/v2\/comments?post=1093"}],"version-history":[{"count":3,"href":"https:\/\/actio-catholica.hu\/index.php\/wp-json\/wp\/v2\/posts\/1093\/revisions"}],"predecessor-version":[{"id":1097,"href":"https:\/\/actio-catholica.hu\/index.php\/wp-json\/wp\/v2\/posts\/1093\/revisions\/1097"}],"wp:featuredmedia":[{"embeddable":true,"href":"https:\/\/actio-catholica.hu\/index.php\/wp-json\/wp\/v2\/media\/1094"}],"wp:attachment":[{"href":"https:\/\/actio-catholica.hu\/index.php\/wp-json\/wp\/v2\/media?parent=1093"}],"wp:term":[{"taxonomy":"category","embeddable":true,"href":"https:\/\/actio-catholica.hu\/index.php\/wp-json\/wp\/v2\/categories?post=1093"},{"taxonomy":"post_tag","embeddable":true,"href":"https:\/\/actio-catholica.hu\/index.php\/wp-json\/wp\/v2\/tags?post=1093"}],"curies":[{"name":"wp","href":"https:\/\/api.w.org\/{rel}","templated":true}]}}