{"id":2071,"date":"2020-11-28T18:00:17","date_gmt":"2020-11-28T17:00:17","guid":{"rendered":"https:\/\/actio-catholica.hu\/?p=2071"},"modified":"2020-12-04T21:00:05","modified_gmt":"2020-12-04T20:00:05","slug":"advent-az-adventi-koszoru-gyertyai-i-gyertya","status":"publish","type":"post","link":"https:\/\/actio-catholica.hu\/index.php\/2020\/11\/28\/advent-az-adventi-koszoru-gyertyai-i-gyertya\/","title":{"rendered":"\u00c1dvent &#8211; Az \u00e1dventi koszor\u00fa gyerty\u00e1i &#8211; I. gyertya"},"content":{"rendered":"<p style=\"text-align: right;\"><b><img loading=\"lazy\" decoding=\"async\" class=\" alignleft\" src=\"https:\/\/3.bp.blogspot.com\/-kSFKJm64Jds\/Upowip-O78I\/AAAAAAAAAjk\/YI5Nb8J6uaU\/s1600\/%25C3%2581dvent+2.jpg\" width=\"133\" height=\"178\" \/>\u201eEllenkez\u00e9st vetek k\u00f6z\u00e9d \u00e9s az asszony k\u00f6z\u00e9.\u201d [Ter 3,15]<\/b><\/p>\n<p style=\"text-align: left;\"><i>Az \u00d3sz\u00f6vets\u00e9gben az embereknek 4 ezer \u00e9vig kellett v\u00e1rniuk, am\u00edg elj\u00f6tt az, akit az \u00c9g a b\u0171nbees\u00e9s ut\u00e1n az \u0151sz\u00fcl\u0151knek meg\u00edg\u00e9rt. \u00c1d\u00e1m \u00e9s \u00c9va b\u0171nbees\u00e9se ut\u00e1n a f\u00f6ldkereks\u00e9g olyann\u00e1 v\u00e1lt, mint egy \u00e1dventi koszor\u00fa, melyen minden gyertya kialudt. De ebben a s\u00f6t\u00e9ts\u00e9gben a J\u00f3isten \u00fajra \u00e9s \u00fajra meggy\u00fajtott egy gyerty\u00e1t, az\u00e1ltal, hogy vagy \u0150 maga vagy egy pr\u00f3f\u00e9t\u00e1ja az elk\u00f6vetkezend\u0151 megv\u00e1lt\u00e1st megj\u00f6vend\u00f6lte.<\/i><br \/>\n<!--more--><\/p>\n<div>\n<p style=\"text-align: justify;\">R\u00f6gt\u00f6n a b\u0171nbees\u00e9st k\u00f6vet\u0151en \u0151s sz\u00fcleink kapt\u00e1k az els\u0151 ilyen \u00edg\u00e9retet: \u201e<i>Ellenkez\u00e9st vetek k\u00f6z\u00e9d \u00e9s az asszony k\u00f6z\u00e9.<\/i>\u201d [Ter 3,15]<\/p>\n<p style=\"text-align: justify;\"><img loading=\"lazy\" decoding=\"async\" class=\"aligncenter size-large wp-image-2080\" src=\"https:\/\/actio-catholica.hu\/wp-content\/uploads\/2020\/11\/advent-1024x576.jpg\" alt=\"\" width=\"774\" height=\"435\" srcset=\"https:\/\/actio-catholica.hu\/wp-content\/uploads\/2020\/11\/advent-1024x576.jpg 1024w, https:\/\/actio-catholica.hu\/wp-content\/uploads\/2020\/11\/advent-300x169.jpg 300w, https:\/\/actio-catholica.hu\/wp-content\/uploads\/2020\/11\/advent-768x432.jpg 768w, https:\/\/actio-catholica.hu\/wp-content\/uploads\/2020\/11\/advent.jpg 1140w\" sizes=\"auto, (max-width: 774px) 100vw, 774px\" \/>Advent bek\u00f6sz\u00f6nt\u00e9vel mi is \u00fajra meggy\u00fajtjuk a koszor\u00fan a gyerty\u00e1kat, am\u00edg csak el nem j\u00f6n \u00dcdv\u00f6z\u00edt\u0151nk sz\u00fclet\u00e9s\u00e9nek \u00fcnnepe. Mi is b\u0171nb\u00e1nattal \u00e9s j\u00f3 szentgy\u00f3n\u00e1ssal k\u00e9sz\u00fcl\u00fcnk e napra, hogy az \u00dcdv\u00f6z\u00edt\u0151t tiszta sz\u00edvvel fogadhassuk. Ez\u00e9rt van n\u00e9gy gyertya (a n\u00e9gy vas\u00e1rnap szimb\u00f3lumak\u00e9nt) \u00e9s egy viola szalag (viola a b\u0171nb\u00e1nat sz\u00edne) az \u00e1dventi koszor\u00fan. \u00c9let\u00fcnk folyam\u00e1n is n\u00e9gy gyerty\u00e1t gy\u00fajtunk meg, am\u00edg a Megv\u00e1lt\u00f3 sz\u00e1munkra \u00fajra elj\u00f6n szem\u00e9lyes \u00edt\u00e9let\u00fcnkkor: a keresztel\u00e9si, az els\u0151\u00e1ldoz\u00f3i, a menyasszonyi vagy szentel\u00e9si \u00e9s a halotti gyerty\u00e1nkat. A mi \u00e9let\u00fcnk koszor\u00faja is k\u00f6r\u00fcl van tekerve egy lila szalaggal, a b\u0171nb\u00e1nat, a kereszthordoz\u00e1s szalagj\u00e1val.<\/p>\n<\/div>\n<h3 style=\"text-align: center;\">1. A keresztel\u0151 gyertya<\/h3>\n<div style=\"text-align: justify;\">Az els\u0151 gyerty\u00e1nkat akkor kapjuk, amikor megkeresztelnek benn\u00fcnket. A pap a keresztelend\u0151nek (illetve a keresztsz\u00fcl\u0151knek) \u00e9g\u0151 gyerty\u00e1t ny\u00fajt, \u00e9s ezt mondja: \u201e<i>Vedd az \u00e9g\u0151 vil\u00e1goss\u00e1got \u00e9s \u0151rizd meg kifog\u00e1stalanul kereszts\u00e9gedet. Tartsd meg Isten parancsait, hogy amikor majd az \u00dar a menyegz\u0151re j\u00f6n a mennyei udvar szentjeivel, el\u00e9be mehess \u00e9s \u00f6r\u00f6kk\u00f6n \u00f6r\u00f6kk\u00e9 \u00e9lhess.<\/i>\u201d<\/div>\n<div style=\"text-align: justify;\">\u00a0<\/div>\n<div style=\"text-align: justify;\">A keresztel\u0151kor kapott gyerty\u00e1t a h\u00fasv\u00e9ti gyerty\u00e1n, mely a felt\u00e1madt Krisztust jelk\u00e9pezi, gy\u00fajtj\u00e1k meg. A szent kereszts\u00e9gben l\u00e9lekben mi is felt\u00e1madunk Krisztussal. A kereszts\u00e9gben Krisztus \u00faj \u00e9letet aj\u00e1nd\u00e9koz nek\u00fcnk, a kegyelmi \u00e9letet. Let\u00f6rli r\u00f3lunk az \u00e1tered\u0151 b\u0171nt \u2013 \u00e9s feln\u0151ttekn\u00e9l az addig elk\u00f6vetett szem\u00e9lyes b\u0171n\u00f6ket is \u2013 \u00e9s eg\u00e9szen tiszt\u00e1v\u00e1 tesz benn\u00fcnket.<\/div>\n<div style=\"text-align: justify;\">\u00a0<\/div>\n<div style=\"text-align: justify;\">Ezt a kapott kegyelmi f\u00e9nyt kell meg\u0151rizn\u00fcnk \u00e9s ebbe a s\u00f6t\u00e9t vil\u00e1gba kivinn\u00fcnk. Ez \u00e9let\u00fcnk feladata. Megv\u00e1lt\u00f3nk mondta: \u201e<i>Ti vagytok a vil\u00e1g vil\u00e1goss\u00e1ga\u2026 A ti vil\u00e1goss\u00e1gotok is vil\u00e1g\u00edtson az embereknek, hogy j\u00f3tetteiteket l\u00e1tva dics\u0151\u00edts\u00e9k mennyei Aty\u00e1tokat.<\/i>\u201d [Mt 5,14-16]<\/div>\n<div style=\"text-align: justify;\">\u00a0<\/div>\n<div style=\"text-align: justify;\">Mindazon\u00e1ltal h\u00e1ny ember \u00e9l manaps\u00e1g, akikn\u00e9l ez a gyertya m\u00e1r nem is lett meggy\u00fajtva, mert nem vitt\u00e9k \u0151ket a keresztel\u0151 medenc\u00e9hez? \u00c9s h\u00e1ny ember van, akin\u00e9l b\u00e1r egykor m\u00e9g meggy\u00fajtott\u00e1k e gyerty\u00e1t, de az m\u00e1ra menthetetlen\u00fcl kialudt, mert s\u00falyos b\u0171n \u00e1ltal az egykor megkeresztelt elvesztette a kereszts\u00e9gi kegyelmet?<\/div>\n<div style=\"text-align: justify;\">\u00a0<\/div>\n<div style=\"text-align: justify;\">Legal\u00e1bb mi gy\u00fajtsuk meg \u00fajra ezt az els\u0151 gyerty\u00e1nkat, ha azok k\u00f6z\u00e9 tartozunk, akikn\u00e9l kialudt. \u00dcdv\u00f6z\u00edt\u0151nk kez\u00fcnkbe adta ennek eszk\u00f6z\u00e9t, hiszen egy ny\u00edlt j\u00f3 szentgy\u00f3n\u00e1ssal b\u00e1rmikor \u00fajra l\u00e1ngra lobbanthatjuk.<\/div>\n<h5 style=\"text-align: right;\">p. Martin Fuchs [2013]<\/h5>\n","protected":false},"excerpt":{"rendered":"<p>\u201eEllenkez\u00e9st vetek k\u00f6z\u00e9d \u00e9s az asszony k\u00f6z\u00e9.\u201d [Ter 3,15] Az \u00d3sz\u00f6vets\u00e9gben az embereknek 4 ezer \u00e9vig kellett v\u00e1rniuk, am\u00edg elj\u00f6tt az, akit az \u00c9g a b\u0171nbees\u00e9s ut\u00e1n az \u0151sz\u00fcl\u0151knek meg\u00edg\u00e9rt. \u00c1d\u00e1m \u00e9s \u00c9va b\u0171nbees\u00e9se ut\u00e1n a f\u00f6ldkereks\u00e9g olyann\u00e1 v\u00e1lt, mint egy \u00e1dventi koszor\u00fa, melyen minden gyertya kialudt. De ebben a s\u00f6t\u00e9ts\u00e9gben a J\u00f3isten \u00fajra \u00e9s [&hellip;]<\/p>\n","protected":false},"author":3,"featured_media":2080,"comment_status":"closed","ping_status":"closed","sticky":false,"template":"","format":"standard","meta":{"h5ap_radio_sources":[],"footnotes":""},"categories":[96],"tags":[116,44,102,297,54,72,187,269,55,241,51,39,115,47,131,52,120,294],"class_list":["post-2071","post","type-post","status-publish","format-standard","has-post-thumbnail","hentry","category-unnep","tag-biblia","tag-egyhaz","tag-evangelium","tag-isten","tag-jezus","tag-karacsony","tag-katolikus","tag-keresztenyseg","tag-krisztus","tag-liturgia","tag-oszovetseg","tag-szent","tag-szentiras","tag-tanitas","tag-templom","tag-ujszovetseg","tag-unnep","tag-vallas"],"_links":{"self":[{"href":"https:\/\/actio-catholica.hu\/index.php\/wp-json\/wp\/v2\/posts\/2071","targetHints":{"allow":["GET"]}}],"collection":[{"href":"https:\/\/actio-catholica.hu\/index.php\/wp-json\/wp\/v2\/posts"}],"about":[{"href":"https:\/\/actio-catholica.hu\/index.php\/wp-json\/wp\/v2\/types\/post"}],"author":[{"embeddable":true,"href":"https:\/\/actio-catholica.hu\/index.php\/wp-json\/wp\/v2\/users\/3"}],"replies":[{"embeddable":true,"href":"https:\/\/actio-catholica.hu\/index.php\/wp-json\/wp\/v2\/comments?post=2071"}],"version-history":[{"count":3,"href":"https:\/\/actio-catholica.hu\/index.php\/wp-json\/wp\/v2\/posts\/2071\/revisions"}],"predecessor-version":[{"id":2082,"href":"https:\/\/actio-catholica.hu\/index.php\/wp-json\/wp\/v2\/posts\/2071\/revisions\/2082"}],"wp:featuredmedia":[{"embeddable":true,"href":"https:\/\/actio-catholica.hu\/index.php\/wp-json\/wp\/v2\/media\/2080"}],"wp:attachment":[{"href":"https:\/\/actio-catholica.hu\/index.php\/wp-json\/wp\/v2\/media?parent=2071"}],"wp:term":[{"taxonomy":"category","embeddable":true,"href":"https:\/\/actio-catholica.hu\/index.php\/wp-json\/wp\/v2\/categories?post=2071"},{"taxonomy":"post_tag","embeddable":true,"href":"https:\/\/actio-catholica.hu\/index.php\/wp-json\/wp\/v2\/tags?post=2071"}],"curies":[{"name":"wp","href":"https:\/\/api.w.org\/{rel}","templated":true}]}}