{"id":3976,"date":"2022-11-02T09:00:32","date_gmt":"2022-11-02T08:00:32","guid":{"rendered":"https:\/\/actio-catholica.hu\/?p=3976"},"modified":"2022-11-02T09:00:02","modified_gmt":"2022-11-02T08:00:02","slug":"gyermekvallalas-es-a-degeneracio","status":"publish","type":"post","link":"https:\/\/actio-catholica.hu\/index.php\/2022\/11\/02\/gyermekvallalas-es-a-degeneracio\/","title":{"rendered":"Gyermekv\u00e1llal\u00e1s &#8211; \u00e9s a degener\u00e1ci\u00f3"},"content":{"rendered":"<p style=\"text-align: justify;\"><em>A modern emberr\u0151l nem \u00e1llja meg az a kijelent\u00e9s a hely\u00e9t, hogy nem hoz \u00e1ldozatokat. Rengeteg \u00e1ldozatot hoz, csak \u00e9ppen nem a val\u00f3di c\u00e9lok el\u00e9r\u00e9s\u00e9\u00e9rt. Nem az \u201codaf\u00f6nt val\u00f3kat\u201d keresik, hanem \u00e9pp ellenkez\u0151leg: min\u00e9l \u201csikeresebbek\u201d akarnak lenni itt, a F\u00f6ld\u00f6n. A n\u0151k eset\u00e9ben er\u0151sen tapasztalhat\u00f3 ez a hozz\u00e1\u00e1ll\u00e1s a gyermekv\u00e1llal\u00e1s tekintet\u00e9ben, amit az al\u00e1bbiak is al\u00e1t\u00e1masztanak.<\/em><!--more--><img loading=\"lazy\" decoding=\"async\" class=\"aligncenter wp-image-3977\" src=\"https:\/\/actio-catholica.hu\/wp-content\/uploads\/2022\/11\/1-7-626x381-1.jpg\" alt=\"\" width=\"880\" height=\"536\" srcset=\"https:\/\/actio-catholica.hu\/wp-content\/uploads\/2022\/11\/1-7-626x381-1.jpg 626w, https:\/\/actio-catholica.hu\/wp-content\/uploads\/2022\/11\/1-7-626x381-1-300x183.jpg 300w\" sizes=\"auto, (max-width: 880px) 100vw, 880px\" \/>Ha a mai n\u0151k saj\u00e1t \u00e9let\u00fckh\u00f6z \u00e9s c\u00e9ljaikhoz val\u00f3 hozz\u00e1\u00e1ll\u00e1s\u00e1t szeml\u00e9lj\u00fck, akkor a legt\u00f6bbj\u00fckn\u00e9l ugyanazt a jelens\u00e9get tapasztalhatjuk. El\u0151sz\u00f6r is a h\u00e1zi\u00e1llatuk a minden\u00fck, szinte b\u00e1rmilyen \u00e1ldozatot k\u00e9pesek meghozni \u00e9rt\u00fck, sokan otthonukban k\u00fcl\u00f6n szob\u00e1t alak\u00edtanak ki kiskedvenc\u00fcknek, ami ink\u00e1bb hasonl\u00edt gyerekszob\u00e1ra, mint egy \u00e1llat k\u00f6rnyezet\u00e9re. Felt\u0171n\u0151 hasonl\u00f3s\u00e1g tov\u00e1bb\u00e1, hogy az \u00fagynevezett \u201ckl\u00edmav\u00e9delem\u201d \u00e9s \u201c<em>z\u00f6ldenergia<\/em>\u201d haszn\u00e1lata \u00e9rdek\u00e9ben b\u00e1rmit megtesznek, hiszen \u201c<em>z\u00f6ld gondolkod\u00e1s\u00faak<\/em>\u201d, hab\u00e1r a F\u00f6ld megment\u00e9s\u00e9hez aligha tesznek hozz\u00e1 a trendi \u201c<em>z\u00f6ld-m\u00f3dszerekkel<\/em>\u201d. A karrier\u00fck \u201c<em>term\u00e9szetesen<\/em>\u201d mindenn\u00e9l el\u0151r\u00e9bb val\u00f3, nem sz\u00e1m\u00edt f\u00e9rj, vagy esetleges csal\u00e1dalap\u00edt\u00e1s, az els\u0151 helyen mindig a munka \u00e1llhat. Csak egy valami\u00e9rt nem k\u00e9pesek meghozni \u00e1ldozataikat, ez pedig a gyermekv\u00e1llal\u00e1s. A modern ember gondolkod\u00e1sa a sz\u00f6ges ellent\u00e9te lett a norm\u00e1lis ember\u00e9nek: b\u00e1rmilyen csap\u00e1s j\u00f6het, b\u00e1rmit kib\u00edrnak, b\u00e1rmihez alkalmazkodnak, csak ne kelljen gyereket sz\u00fclni.<\/p>\n<p style=\"text-align: justify;\">Egy 22 \u00e9ves londoni n\u0151, Lorella Palmer 2 r\u00e9szes TikTok vide\u00f3j\u00e1ban foglalta \u00f6ssze, hogy \u0151 mi\u00e9rt nem akar gyermeket. Nemcsak rengeteg megtekint\u00e9st \u00e9s kedvel\u00e9st szerzett a felv\u00e9tel felt\u00f6lt\u00e9s\u00e9vel, hanem sz\u00e1mtalan egyet\u00e9rt\u0151 hozz\u00e1sz\u00f3l\u00e1st is, ugyanis a kommentel\u0151knek csak t\u00f6red\u00e9ke vonta k\u00e9ts\u00e9gbe felvet\u00e9seit, a legt\u00f6bben m\u00e9g hozz\u00e1 is tett\u00e9k saj\u00e1t \u00e9rveiket. Az ultrafeminista propagand\u00e1t term\u00e9szetesen magyar oldalak is k\u00f6z\u00f6lt\u00e9k, hiszen jelenleg a csapb\u00f3l is folyamatosan ez az ellen-n\u0151i k\u00e9p folyik.<\/p>\n<p style=\"text-align: justify;\">Mit is jelentenek ezek a \u201c<em>vir\u00e1gnyelven<\/em>\u201d megfogalmazott indokok? Dek\u00f3doltuk \u0151ket:<\/p>\n<ol>\n<li>\u00d6nz\u0151 vagyok.<\/li>\n<li>Dr\u00e1ga a felnevel\u00e9s\u00fck.<br \/>\n(Sokkal fontosabb dr\u00e1ga ruh\u00e1kra, telefonra \u00e9s egy\u00e9b luxuscikkekre k\u00f6lteni a p\u00e9nzem.)<\/li>\n<li>Megv\u00e1ltozik a testk\u00e9pem.<br \/>\n(Nehogy m\u00e1r v\u00e1ltozzon a szolizott, veg\u00e1n-paleo \u00e9trenddel fenntartott testem.)<\/li>\n<li>A vil\u00e1g szerintem egy rossz hely.<br \/>\n(M\u00e1rmint akkor, ha gyereked van. An\u00e9lk\u00fcl lehet hedoniz\u00e1lni, \u00fagy el\u00e9g j\u00f3.)<\/li>\n<li>A ment\u00e1lis eg\u00e9szs\u00e9gem megromlik.<br \/>\n(Nehogy nekem kelljen m\u00e1r valakihez alkalmazkodnom.)<\/li>\n<li>A saj\u00e1t csal\u00e1di traum\u00e1m.<br \/>\n(Lorell\u00e1t saj\u00e1t bevall\u00e1sa szerint kor\u00e1n elhagyta a saj\u00e1t \u00e9desanyja, t\u00edz \u00e9vig nem is l\u00e1tta, az apja nevelte fel.)<\/li>\n<li>A gyerekek rendetlenek \u00e9s taknyosak.<br \/>\n(\u00c9n a csecsebecse l\u00e1bacsk\u00e1imat, vacsavacsa kezecsk\u00e9imet be nem piszk\u00edtom, ak\u00e1rmi is lesz.)<\/li>\n<li>Ut\u00e1lom a gyerekm\u0171sorokat.<br \/>\n(Nehogy m\u00e1r azokat kelljen n\u00e9znem a Netflixes modern sorozataim helyett.)<\/li>\n<li>A gyerekek bosszant\u00f3ak.<br \/>\n(De term\u00e9szetesen \u00e9n t\u00f6k\u00e9letes vagyok.)<\/li>\n<li>Nem akarom, hogy legyenek.<br \/>\n(Nekem kiskuty\u00e1im vannak.)<\/li>\n<li>A gyereket nem lehet \u201c<em>visszacsin\u00e1lni<\/em>\u201d, vagyis visszak\u00fcldeni a felad\u00f3hoz, ha m\u00e9gis r\u00e1j\u00f6ssz, hogy az anyas\u00e1g nem neked val\u00f3.<br \/>\n(Nem v\u00e1llalok felel\u0151ss\u00e9get a tetteim\u00e9rt.)<\/li>\n<li>Az apuk\u00e1kat mindenki \u00fcnnepli, ha foglalkoznak a gyerek\u00fckkel, az anyuk\u00e1kn\u00e1l viszont ezt mindenki term\u00e9szetesnek veszi, s\u0151t, elv\u00e1rj\u00e1k t\u0151l\u00fck. Ez nem fair<br \/>\n(Engem mindig minden\u00e9rt meg kell \u00fcnnepelni, a f\u00e9rfiak viszont nem m\u00e9lt\u00f3k a legkevesebb elismer\u00e9sre sem.)<\/li>\n<li>Reggeli uzsonnapakol\u00e1s \u00e9s iskol\u00e1ba cipel\u00e9s. Ut\u00e1lok kor\u00e1n kelni. Mi\u00e9rt v\u00e1llaljam ezt be legal\u00e1bb 16 \u00e9vig?<br \/>\n(De az \u00e9n \u00e9tkez\u00e9si szok\u00e1saim\u00e9rt nem sajn\u00e1lom sem a p\u00e9nzt, sem az id\u0151t.)<\/li>\n<li>Mi van, ha a gyerek f\u00e9l a kuty\u00e1kt\u00f3l? Vagy a macsk\u00e1kt\u00f3l? Vagy ak\u00e1rmit\u0151l? Dobjam ki a kuty\u00e1mat? Hogy fogom \u00e9n ezt kezelni?<br \/>\n(A kuty\u00e1m\/macsk\u00e1m mindenn\u00e9l fontosabb nekem, nem tudn\u00e1m feldolgozni az elveszt\u00e9s\u00fcket, nem \u00fagy, mint az abortuszaimat.)<\/li>\n<li>Elvesztem a szabads\u00e1gomat. Minden a gyerek k\u00f6r\u00fcl forog, semmit nem tehetek szabad akaratomb\u00f3l. Nem akarom k\u00e9s\u0151bb megb\u00e1nni, hogy nem \u00e9ltem meg a v\u00e1gyaimat, nem \u00e9ltem teljes \u00e9letet.<br \/>\n(Minden k\u00f6r\u00fcl\u00f6ttem forog, ne g\u00e1toljon senki a hedoniz\u00e1l\u00e1sban, a f\u00e9ktelen buliz\u00e1sban \u00e9s iv\u00e1sban.)<\/li>\n<li>A gyerek megbetegszik. \u00c9jjel fenn lenni, agg\u00f3dni, hallgatni a nyavalyg\u00e1st, feltakar\u00edtani a h\u00e1ny\u00e1st\u2026 nincs az az isten.<br \/>\n(Ha \u00e9n beteg vagyok, akkor mindenki legyen tekintettel r\u00e1m, p\u00e1tyolgassanak, ha rosszul vagyok.)<\/li>\n<li>K\u00e9t v\u00e1llalkoz\u00e1st vezetek. Sikeres vagyok, de egyel\u0151re es\u00e9lyem sincs egy saj\u00e1t h\u00e1zra. Akkor meg minek sz\u00fcljek? H\u00fasz \u00e9v m\u00falva m\u00e1r tal\u00e1n lesz saj\u00e1t h\u00e1zam, de akkor meg m\u00e1r? T\u00fal k\u00e9s\u0151.<br \/>\n(Az \u00e9letc\u00e9lom egy \u00fcresen kong\u00f3 h\u00e1z megv\u00e9tele abb\u00f3l a p\u00e9nzb\u0151l, ami\u00e9rt eg\u00e9sz \u00e9letemben dolgoztam a \u201cm\u00f3kusker\u00e9kben\u201d. Mindent magam\u00e9rt, magamnak csin\u00e1lok. A c\u00e9lom, hogy nekem mindenem meg legyen.)<\/li>\n<li>Ut\u00e1lok adni a kaj\u00e1mb\u00f3l. Egy gyereknek meg mindig az kell, amit az anyja vagy az apja eszik.<br \/>\n(De ha \u00e9n k\u00e9rek a bar\u00e1tom \u00e9tel\u00e9b\u0151l, akkor megs\u00e9rt\u0151d\u00f6k, ha nem ad.)<\/li>\n<li>Az oktat\u00e1si \u00e9s az eg\u00e9szs\u00e9g\u00fcgyi rendszer\u00fcnk egy nagy k\u00e1osz. Semmi kedvem kitenni ennek egy gyereket is.<br \/>\n(K\u00e9nyelmes vagyok, valamint ink\u00e1bb m\u00e1sra h\u00e1r\u00edtom a felel\u0151ss\u00e9get, hogy mi\u00e9rt nem akarok gyereket.)<\/li>\n<li>A sz\u00fcl\u00e9s rohadtul f\u00e1j. Nekem eddig m\u00e9g senki sem mondta, hogy laza. Iszonyatosan kem\u00e9ny a bar\u00e1tn\u0151im t\u00f6bbs\u00e9ge szerint.<br \/>\n(Nem tudom elviselni a fizikai f\u00e1jdalmat, mert semmi \u00f6nuralmam sincs.)<\/li>\n<\/ol>\n<h3 style=\"text-align: center;\">* * * * *<\/h3>\n<h3>Ehhez kapcsol\u00f3dik egy m\u00e1sik h\u00edr:<\/h3>\n<h2 style=\"text-align: center;\">Parazit\u00e1nak nevezik a magzatokat az Aldi abortusz-t\u00e1mogat\u00f3 rekl\u00e1mfilmj\u00e9ben<\/h2>\n<p><img loading=\"lazy\" decoding=\"async\" class=\"alignright size-full wp-image-3978\" src=\"https:\/\/actio-catholica.hu\/wp-content\/uploads\/2022\/11\/aldi.jpg\" alt=\"\" width=\"275\" height=\"183\" \/><\/p>\n<p style=\"text-align: justify;\">\u201c<em>Szerintem a gyermekv\u00e1llal\u00e1s nagy sz\u00edv\u00e1s<\/em>\u201d \u2013 \u00e1ll\u00edtja az Aldi Nord v\u00e1llalat leg\u00fajabb vide\u00f3j\u00e1ban a k\u00e9kre \u00e9s feket\u00e9re festett k\u00f6rm\u0171, giccses gy\u0171r\u0171ket visel\u0151 Theo, aki Ida Marie-val besz\u00e9lget, mik\u00f6zben veg\u00e1n tofut f\u0151znek.<\/p>\n<p>\u201c<em>Nem szeretem a paradicsomot \u00e9s nem szeretem a gyerekeket<\/em>\u201d<\/p>\n<p style=\"text-align: justify;\">\u2013 mondta Ida, amin Theo nagyot nevet. Ida azt is elmondja, hogy a terhess\u00e9g az \u201c<em>Alien<\/em>\u201d c\u00edm\u0171 filmre eml\u00e9kezteti, amelyben egy idegen l\u00e9ny egy n\u0151 test\u00e9ben \u00e9l \u00e9s t\u00e1pl\u00e1lkozik bel\u0151le. Megjegyzi, hogy az abortusz h\u00edvei is gyakran parazitak\u00e9nt hivatkoznak a meg nem sz\u00fcletett gyermekekre.<\/p>\n<p style=\"text-align: justify;\">A fejteget\u00e9sb\u0151l az is kider\u00fclt, hogy a meg nem sz\u00fcletett gyerekek szerint\u00fck \u201c<em>idegen l\u00e9nyek, amelyek t\u00e1pl\u00e1lkoznak egy n\u0151i testb\u0151l kikel\u00e9s el\u0151tt<\/em>\u201d.<\/p>\n<p style=\"text-align: justify;\">A vide\u00f3 m\u00e1r nem \u00e9rhet\u0151 el a YouTube-on.<\/p>\n<p style=\"text-align: justify;\">A botr\u00e1nyra az Aldi Nord Twitter oldal\u00e1n \u00edgy reag\u00e1lt: An\u00e9lk\u00fcl, hogy \u00e1ll\u00e1st foglaln\u00e1nak, sz\u00e1nd\u00e9kosan adnak teret a m\u0171sorban a k\u00fcl\u00f6nb\u00f6z\u0151 n\u00e9z\u0151pontoknak \u00e9s v\u00e9lem\u00e9nyeknek t\u00e1rsadalmi k\u00e9rd\u00e9sekben. Az Aldi mindenkinek sz\u00f3l, \u00e9s ezt a vide\u00f3nak is t\u00fckr\u00f6znie kell.<\/p>\n<p style=\"text-align: justify;\">Ezek szerint \u0151k azt nevezik semlegess\u00e9gnek, ha ny\u00edltan ki\u00e1llnak a magzatgyilkoss\u00e1g mellett.<\/p>\n<p style=\"text-align: justify;\">A Magyarorsz\u00e1gon is jelenl\u00e9v\u0151 Aldi, az Aldi Magyarorsz\u00e1g egy m\u00e1sik c\u00e9gcsoport, az Aldi S\u00fcd tagja, nincs kapcsolatuk az Aldi Norddal.<\/p>\n<p>Forr\u00e1s: szentkoronaradio.com (mind a k\u00e9t \u00edr\u00e1s eset\u00e9ben)<\/p>\n","protected":false},"excerpt":{"rendered":"<p>A modern emberr\u0151l nem \u00e1llja meg az a kijelent\u00e9s a hely\u00e9t, hogy nem hoz \u00e1ldozatokat. Rengeteg \u00e1ldozatot hoz, csak \u00e9ppen nem a val\u00f3di c\u00e9lok el\u00e9r\u00e9s\u00e9\u00e9rt. Nem az \u201codaf\u00f6nt val\u00f3kat\u201d keresik, hanem \u00e9pp ellenkez\u0151leg: min\u00e9l \u201csikeresebbek\u201d akarnak lenni itt, a F\u00f6ld\u00f6n. A n\u0151k eset\u00e9ben er\u0151sen tapasztalhat\u00f3 ez a hozz\u00e1\u00e1ll\u00e1s a gyermekv\u00e1llal\u00e1s tekintet\u00e9ben, amit az al\u00e1bbiak is [&hellip;]<\/p>\n","protected":false},"author":3,"featured_media":3977,"comment_status":"closed","ping_status":"closed","sticky":false,"template":"","format":"standard","meta":{"h5ap_radio_sources":[],"footnotes":""},"categories":[222],"tags":[321,924,929,930,282,925,928,926,927,931,923],"class_list":["post-3976","post","type-post","status-publish","format-standard","has-post-thumbnail","hentry","category-velemeny","tag-abortusz","tag-aldi-nord","tag-allien","tag-feminizmus","tag-gyermek","tag-hedonizalas","tag-kisallat","tag-kutya","tag-macska","tag-tiktok","tag-vallalas"],"_links":{"self":[{"href":"https:\/\/actio-catholica.hu\/index.php\/wp-json\/wp\/v2\/posts\/3976","targetHints":{"allow":["GET"]}}],"collection":[{"href":"https:\/\/actio-catholica.hu\/index.php\/wp-json\/wp\/v2\/posts"}],"about":[{"href":"https:\/\/actio-catholica.hu\/index.php\/wp-json\/wp\/v2\/types\/post"}],"author":[{"embeddable":true,"href":"https:\/\/actio-catholica.hu\/index.php\/wp-json\/wp\/v2\/users\/3"}],"replies":[{"embeddable":true,"href":"https:\/\/actio-catholica.hu\/index.php\/wp-json\/wp\/v2\/comments?post=3976"}],"version-history":[{"count":2,"href":"https:\/\/actio-catholica.hu\/index.php\/wp-json\/wp\/v2\/posts\/3976\/revisions"}],"predecessor-version":[{"id":3980,"href":"https:\/\/actio-catholica.hu\/index.php\/wp-json\/wp\/v2\/posts\/3976\/revisions\/3980"}],"wp:featuredmedia":[{"embeddable":true,"href":"https:\/\/actio-catholica.hu\/index.php\/wp-json\/wp\/v2\/media\/3977"}],"wp:attachment":[{"href":"https:\/\/actio-catholica.hu\/index.php\/wp-json\/wp\/v2\/media?parent=3976"}],"wp:term":[{"taxonomy":"category","embeddable":true,"href":"https:\/\/actio-catholica.hu\/index.php\/wp-json\/wp\/v2\/categories?post=3976"},{"taxonomy":"post_tag","embeddable":true,"href":"https:\/\/actio-catholica.hu\/index.php\/wp-json\/wp\/v2\/tags?post=3976"}],"curies":[{"name":"wp","href":"https:\/\/api.w.org\/{rel}","templated":true}]}}