{"id":4854,"date":"2023-01-20T08:00:02","date_gmt":"2023-01-20T07:00:02","guid":{"rendered":"https:\/\/actio-catholica.hu\/?p=4854"},"modified":"2023-01-06T12:02:16","modified_gmt":"2023-01-06T11:02:16","slug":"kasper-biboros-elarulta-hogy-benedek-papa-a-mult-honapban-irt-neki-az-egyhazi-valsagrol","status":"publish","type":"post","link":"https:\/\/actio-catholica.hu\/index.php\/2023\/01\/20\/kasper-biboros-elarulta-hogy-benedek-papa-a-mult-honapban-irt-neki-az-egyhazi-valsagrol\/","title":{"rendered":"Kasper b\u00edboros el\u00e1rulta, hogy Benedek p\u00e1pa a m\u00falt h\u00f3napban \u00edrt neki az &#8220;egyh\u00e1zi v\u00e1ls\u00e1gr\u00f3l&#8221;"},"content":{"rendered":"<p><em>A n\u00e9hai p\u00e1p\u00e1nak, akit 1963 \u00f3ta ismert, Walter Kasper b\u00edboros el\u00e1rulta, hogy december 10-\u00e9n &#8220;a p\u00e1pa emeritus \u00edrt nekem egy kedves levelet, amelyb\u0151l kider\u00fcl, hogy k\u00f6z\u00f6s az aggodalmunk az egyh\u00e1zban tapasztalhat\u00f3 v\u00e1ls\u00e1g miatt&#8221;. Hozz\u00e1tette, hogy a lev\u00e9lben &#8220;a k\u00f6telez\u0151 apostoli eredethez val\u00f3 h\u0171s\u00e9g \u00e9s a jelen \u00faj k\u00e9rd\u00e9seire val\u00f3 figyelem&#8221; &#8220;bontakozott ki&#8221;.<\/em><\/p>\n<p style=\"text-align: justify;\"><!--more--><img loading=\"lazy\" decoding=\"async\" class=\"alignright wp-image-4627\" src=\"https:\/\/actio-catholica.hu\/wp-content\/uploads\/2022\/12\/Kasper-biboros.jpg\" alt=\"\" width=\"880\" height=\"491\" srcset=\"https:\/\/actio-catholica.hu\/wp-content\/uploads\/2022\/12\/Kasper-biboros.jpg 808w, https:\/\/actio-catholica.hu\/wp-content\/uploads\/2022\/12\/Kasper-biboros-300x167.jpg 300w, https:\/\/actio-catholica.hu\/wp-content\/uploads\/2022\/12\/Kasper-biboros-768x429.jpg 768w\" sizes=\"auto, (max-width: 880px) 100vw, 880px\" \/>A vatik\u00e1ni lap janu\u00e1r 5-i sz\u00e1m\u00e1ban megjelent m\u00e9ltat\u00e1sban Kasper b\u00edboros b\u00edr\u00e1lta Joseph Ratzinger b\u00edboros p\u00e1nc\u00e9lkardin\u00e1lisnak karik\u00edroz\u00e1s\u00e1t, \u00e9s &#8220;<em>kedves teol\u00f3giai gondolkod\u00f3nak<\/em>&#8221; nevezte, &#8220;<em>nagy lelki m\u00e9lys\u00e9ggel \u00e9s finom, enyhe humorral<\/em>&#8220;.<\/p>\n<p style=\"text-align: justify;\">Kasper b\u00edboros elismerte a Benedek p\u00e1p\u00e1val folytatott &#8220;nyilv\u00e1nos vit\u00e1it&#8221; is.<\/p>\n<p style=\"text-align: justify;\">&#8220;<em>Ha azonban valaki ebb\u0151l azt a k\u00f6vetkeztet\u00e9st vonja le, hogy elhideg\u00fcl\u00e9s, s\u0151t ellens\u00e9gesked\u00e9s volt, az keveset vagy semmit sem \u00e9rtett a teol\u00f3gi\u00e1b\u00f3l. Val\u00f3j\u00e1ban, mint minden tudom\u00e1ny, a teol\u00f3gia is vit\u00e1b\u00f3l \u00e9l, \u00e9s egy gondolkod\u00f3t az tisztel meg, hogy gondolkodik<\/em>&#8221; &#8211; tette hozz\u00e1. &#8220;<em>Ez\u00e9rt kapcsolatunkat mindig is a k\u00f6lcs\u00f6n\u00f6s tisztelet \u00e9s mindenekel\u0151tt az egyh\u00e1z hit\u00e9ben val\u00f3 k\u00f6z\u00f6s gy\u00f6kerez\u00e9s, valamint az egyh\u00e1z egys\u00e9g\u00e9\u00e9rt \u00e9s az egyh\u00e1zak nagyobb \u00f6kumenikus egys\u00e9g\u00e9\u00e9rt val\u00f3 k\u00f6z\u00f6s felel\u0151ss\u00e9g jellemezte<\/em>&#8220;.<\/p>\n<p style=\"text-align: justify;\">A most 89 \u00e9ves Kasper b\u00edboros 2001 \u00e9s 2010 k\u00f6z\u00f6tt a Kereszt\u00e9ny Egys\u00e9g el\u0151mozd\u00edt\u00e1s\u00e1\u00e9rt felel\u0151s P\u00e1pai Tan\u00e1cs eln\u00f6ke volt. Elmondta, hogy \u0151 \u00e9s Benedek p\u00e1pa &#8220;k\u00fcl\u00f6nb\u00f6z\u0151 szemsz\u00f6gb\u0151l&#8221; k\u00f6zel\u00edtett\u00e9k meg a probl\u00e9m\u00e1kat, r\u00e9szben a teol\u00f3giai k\u00e9pz\u00e9s\u00fck k\u00fcl\u00f6nb\u00f6z\u0151s\u00e9ge miatt.<\/p>\n<p style=\"text-align: justify;\">&#8220;<em>Joseph Ratzingert, mint teol\u00f3gust, teljesen form\u00e1lta az egyh\u00e1zaty\u00e1k szellemis\u00e9ge, k\u00fcl\u00f6n\u00f6sen a nyugati Szent \u00c1goston\u00e9, \u00e9s a ferences teol\u00f3gus Szent Bonaventura teol\u00f3gi\u00e1ja<\/em>&#8221; &#8211; mondta Kasper b\u00edboros. &#8220;<em>\u00c9n ink\u00e1bb a modern problematika tanulm\u00e1nyoz\u00e1s\u00e1b\u00f3l j\u00f6ttem, \u00e9s m\u00e1r nagyon kor\u00e1n, egy essz\u00e9ben elm\u00e9ly\u00fcltem [Aquin\u00f3i Tam\u00e1s gondolkod\u00e1s\u00e1ban]<\/em>&#8221; (&#8220;avevo approfondito il pensiero di Tommaso d&#8217;Aquino&#8221;).<\/p>\n<p>2023. janu\u00e1r 06.<\/p>\n<h6>Forr\u00e1s: catholicculture.org<\/h6>\n","protected":false},"excerpt":{"rendered":"<p>A n\u00e9hai p\u00e1p\u00e1nak, akit 1963 \u00f3ta ismert, Walter Kasper b\u00edboros el\u00e1rulta, hogy december 10-\u00e9n &#8220;a p\u00e1pa emeritus \u00edrt nekem egy kedves levelet, amelyb\u0151l kider\u00fcl, hogy k\u00f6z\u00f6s az aggodalmunk az egyh\u00e1zban tapasztalhat\u00f3 v\u00e1ls\u00e1g miatt&#8221;. Hozz\u00e1tette, hogy a lev\u00e9lben &#8220;a k\u00f6telez\u0151 apostoli eredethez val\u00f3 h\u0171s\u00e9g \u00e9s a jelen \u00faj k\u00e9rd\u00e9seire val\u00f3 figyelem&#8221; &#8220;bontakozott ki&#8221;.<\/p>\n","protected":false},"author":3,"featured_media":4627,"comment_status":"closed","ping_status":"closed","sticky":false,"template":"","format":"standard","meta":{"h5ap_radio_sources":[],"footnotes":""},"categories":[1130],"tags":[116,438,44,56,102,293,227,297,54,187,55,348,241,57,78,61,115,144,50,47,131,52,120,294],"class_list":["post-4854","post","type-post","status-publish","format-standard","has-post-thumbnail","hentry","category-catholicculture-org","tag-biblia","tag-biboros","tag-egyhaz","tag-eucharisztia","tag-evangelium","tag-hagyomany","tag-ii-vatikani-zsinat","tag-isten","tag-jezus","tag-katolikus","tag-krisztus","tag-liberalizmus","tag-liturgia","tag-oltariszentseg","tag-papa","tag-puspok","tag-szentiras","tag-szentlelek","tag-szentmise","tag-tanitas","tag-templom","tag-ujszovetseg","tag-unnep","tag-vallas"],"_links":{"self":[{"href":"https:\/\/actio-catholica.hu\/index.php\/wp-json\/wp\/v2\/posts\/4854","targetHints":{"allow":["GET"]}}],"collection":[{"href":"https:\/\/actio-catholica.hu\/index.php\/wp-json\/wp\/v2\/posts"}],"about":[{"href":"https:\/\/actio-catholica.hu\/index.php\/wp-json\/wp\/v2\/types\/post"}],"author":[{"embeddable":true,"href":"https:\/\/actio-catholica.hu\/index.php\/wp-json\/wp\/v2\/users\/3"}],"replies":[{"embeddable":true,"href":"https:\/\/actio-catholica.hu\/index.php\/wp-json\/wp\/v2\/comments?post=4854"}],"version-history":[{"count":2,"href":"https:\/\/actio-catholica.hu\/index.php\/wp-json\/wp\/v2\/posts\/4854\/revisions"}],"predecessor-version":[{"id":4856,"href":"https:\/\/actio-catholica.hu\/index.php\/wp-json\/wp\/v2\/posts\/4854\/revisions\/4856"}],"wp:featuredmedia":[{"embeddable":true,"href":"https:\/\/actio-catholica.hu\/index.php\/wp-json\/wp\/v2\/media\/4627"}],"wp:attachment":[{"href":"https:\/\/actio-catholica.hu\/index.php\/wp-json\/wp\/v2\/media?parent=4854"}],"wp:term":[{"taxonomy":"category","embeddable":true,"href":"https:\/\/actio-catholica.hu\/index.php\/wp-json\/wp\/v2\/categories?post=4854"},{"taxonomy":"post_tag","embeddable":true,"href":"https:\/\/actio-catholica.hu\/index.php\/wp-json\/wp\/v2\/tags?post=4854"}],"curies":[{"name":"wp","href":"https:\/\/api.w.org\/{rel}","templated":true}]}}