{"id":5270,"date":"2023-03-03T08:00:56","date_gmt":"2023-03-03T07:00:56","guid":{"rendered":"https:\/\/actio-catholica.hu\/?p=5270"},"modified":"2023-02-25T09:28:51","modified_gmt":"2023-02-25T08:28:51","slug":"inkabb-istennek-engedelmeskedj-mint-az-embereknek-3-resz","status":"publish","type":"post","link":"https:\/\/actio-catholica.hu\/index.php\/2023\/03\/03\/inkabb-istennek-engedelmeskedj-mint-az-embereknek-3-resz\/","title":{"rendered":"&#8220;Ink\u00e1bb Istennek engedelmeskedj, mint az embereknek&#8221; &#8211; 3.\/4 r\u00e9sz"},"content":{"rendered":"<p style=\"text-align: right;\"><em>&#8220;<span class=\"text-muted numv\"><sup>29<\/sup><\/span>P\u00e9ter \u00e9s az apostolok \u00edgy v\u00e1laszoltak: \u201eInk\u00e1bb kell engedelmeskedni Istennek, mint az embereknek.&#8221;<\/em><br \/>\n<em>[ApCsel 5,9]<\/em><\/p>\n<h2 style=\"text-align: center;\">Egy SSPX pap az engedelmess\u00e9g hat\u00e1rair\u00f3l az egyh\u00e1zi v\u00e1ls\u00e1g idej\u00e9n<\/h2>\n<p style=\"text-align: left;\"><em>Egyre ink\u00e1bb \u00fagy \u00e9rzik, hogy azok, akik h\u0171s\u00e9ges katolikusok akarnak maradni, k\u00e9nytelenek vagy a p\u00e1p\u00e1nak engedelmeskedni, vagy a Szent Anya Egyh\u00e1z k\u00f6vetkezetes tan\u00edt\u00e1sainak.<\/em><\/p>\n<p><!--more--><a class=\"save-timestamp hide-if-no-js button\" href=\"https:\/\/actio-catholica.hu\/wp-admin\/post-new.php#edit_timestamp\">OK<\/a><img loading=\"lazy\" decoding=\"async\" class=\"aligncenter size-full wp-image-5271\" src=\"https:\/\/actio-catholica.hu\/wp-content\/uploads\/2023\/02\/Fr.-Wiseman-FSSPX-810x500-1.png\" alt=\"\" width=\"810\" height=\"500\" srcset=\"https:\/\/actio-catholica.hu\/wp-content\/uploads\/2023\/02\/Fr.-Wiseman-FSSPX-810x500-1.png 810w, https:\/\/actio-catholica.hu\/wp-content\/uploads\/2023\/02\/Fr.-Wiseman-FSSPX-810x500-1-300x185.png 300w, https:\/\/actio-catholica.hu\/wp-content\/uploads\/2023\/02\/Fr.-Wiseman-FSSPX-810x500-1-768x474.png 768w\" sizes=\"auto, (max-width: 810px) 100vw, 810px\" \/><\/p>\n<p style=\"text-align: center;\"><span style=\"font-size: 14px;\"><span class=\"caption\">Fr. Wiseman, FSSPX<\/span> professor of St. Thomas Aquinas seminary [USA]<\/span><\/p>\n<h4 style=\"text-align: justify;\">Ha egy pap \u00fagy d\u00f6nt, hogy k\u00f6veti el\u00f6lj\u00e1r\u00f3ja utas\u00edt\u00e1s\u00e1t, akkor megteheti:<\/h4>\n<ul>\n<li style=\"text-align: justify;\">Magyar\u00e1zza el, hogy nem az \u0151 feladata eld\u00f6nteni, hogy van-e ellentmond\u00e1s el\u00f6lj\u00e1r\u00f3ja parancsa \u00e9s az Egyh\u00e1z tan\u00edt\u00e1sa k\u00f6z\u00f6tt &#8211; az \u0151 feladata csup\u00e1n az, hogy engedelmeskedjen.<\/li>\n<li style=\"text-align: justify;\">Elmagyar\u00e1zni, hogy a val\u00f3s\u00e1gban nincs ellentmond\u00e1s a kett\u0151 k\u00f6z\u00f6tt, vagy az\u00e9rt, mert az ilyen ellentmond\u00e1s lehetetlen (a t\u00e9vedhetetlens\u00e9g karizm\u00e1j\u00e1ra val\u00f3 hivatkoz\u00e1s), vagy az\u00e9rt, mert \u00fagy gondolja, hogy \u00f6ssze tudja egyeztetni a k\u00e9t \u00e1ll\u00e1spontot.<\/li>\n<\/ul>\n<h4 style=\"text-align: justify;\">Ha viszont egy pap \u00fagy d\u00f6nt, hogy nem k\u00f6veti el\u00f6lj\u00e1r\u00f3ja utas\u00edt\u00e1s\u00e1t, akkor megteheti:<\/h4>\n<ul>\n<li style=\"text-align: justify;\">Megmagyar\u00e1zhatja, hogy ez a szem\u00e9ly val\u00f3j\u00e1ban nem az el\u00f6lj\u00e1r\u00f3ja, mert valamilyen m\u00f3don elvesztette a hivatal\u00e1t az\u00e1ltal, hogy kiadta az utas\u00edt\u00e1st, vagy eretnek \u00e1ll\u00e1spontot k\u00e9pvisel.<\/li>\n<li style=\"text-align: justify;\">Magyar\u00e1zza meg, hogy ahol ellentmond\u00e1s van egy alacsonyabb \u00e9s egy magasabb tekint\u00e9ly k\u00f6z\u00f6tt, ott &#8220;<em>ink\u00e1bb Istennek kell engedelmeskedni, mint embereknek<\/em>&#8220;. Ily m\u00f3don azt \u00e1ll\u00edtja, hogy nem engedetlenkedik az alacsonyabb tekint\u00e9lynek, de val\u00f3j\u00e1ban a magasabbnak engedelmeskedik.<\/li>\n<\/ul>\n<p style=\"text-align: justify;\">Az AL-lal kapcsolatban a Correctio Filialis a negyedik \u00e1ll\u00e1spontot k\u00e9pviseli: tisztelettud\u00f3an t\u00e1j\u00e9koztatja a p\u00e1p\u00e1t, hogy nincs hatalma megv\u00e1ltoztatni az egyh\u00e1z tan\u00edt\u00e1s\u00e1t, \u00e9s ez\u00e9rt a paps\u00e1gnak \u00e9s a h\u00edveknek ink\u00e1bb Istennek kell engedelmeskedni\u00fck, mint az embereknek. Hogy a Correctio-t id\u00e9zzem: &#8220;<em>Legszentebb Aty\u00e1m, a p\u00e9teri szolg\u00e1latot nem az\u00e9rt b\u00edzt\u00e1k r\u00e1d, hogy idegen tanokat er\u0151ltess a h\u00edvekre, hanem az\u00e9rt, hogy h\u0171s\u00e9ges gondnokk\u00e9nt \u0151rizd a let\u00e9tet az \u00dar visszaj\u00f6vetel\u00e9nek napj\u00e1ra<\/em>&#8220;.<\/p>\n<p style=\"text-align: justify;\">Az AL vizsg\u00e1lata \u00e9s a katolikus vil\u00e1g erre adott v\u00e1lasza tanuls\u00e1gos, mert ez az Egyh\u00e1z jelenlegi v\u00e1ls\u00e1g\u00e1nak &#8220;<em>mikrokozmosza<\/em>&#8220;. Tagadhatatlan, hogy a mai v\u00e1ls\u00e1g sokkal sz\u00e9lesebb k\u00f6r\u0171, mint ez az egyetlen k\u00e9rd\u00e9s. Amit ma l\u00e1tunk R\u00f3m\u00e1b\u00f3l kiindulni, annak teljes magyar\u00e1zat\u00e1t abban tal\u00e1ljuk meg, ami Ferenc p\u00e1pa el\u0151tt t\u00f6rt\u00e9nt. Ezzel m\u00e9g maga Ferenc p\u00e1pa is egyet\u00e9rtene: t\u00f6bbsz\u00f6r hivatkozik a II. vatik\u00e1ni zsinatra \u00e9s k\u00f6zvetlen el\u0151deire, hogy igazolja tetteit.<\/p>\n<p style=\"text-align: justify;\">A Traditionis Custodes (TC)<sup>8<\/sup> dokumentum egy p\u00e9lda arra, hogy Ferenc p\u00e1pa hogyan l\u00e1tja mag\u00e1t &#8220;<em>folytonoss\u00e1gban<\/em>&#8221; azzal, ami el\u0151tte volt. A TC tov\u00e1bbi \u00e9rdeme, hogy ny\u00edltan felsz\u00ednre hoz egy olyan konfliktust, amely m\u00e1r \u00e9vek \u00f3ta jelen van &#8211; val\u00f3j\u00e1ban azt a l\u00e9nyegi konfliktust, amely az elm\u00falt \u00f6tven \u00e9vben meghat\u00e1rozta az egyh\u00e1z \u00e1ll\u00e1spontjait.<\/p>\n<p style=\"text-align: justify;\">A TC \u00e9s a p\u00e1pa k\u00eds\u00e9r\u0151levele ez\u00e9rt nagyon j\u00f3 perspekt\u00edv\u00e1t adhat nek\u00fcnk az Egyh\u00e1z jelenlegi helyzet\u00e9r\u0151l \u00e9s az elm\u00falt \u00e9vek k\u00fcl\u00f6nb\u00f6z\u0151 v\u00e1laszair\u00f3l. Kezdj\u00fck azzal, hogy megn\u00e9z\u00fcnk n\u00e9h\u00e1ny id\u00e9zetet a TC-b\u0151l \u00e9s a mell\u00e9kelt lev\u00e9lb\u0151l.<\/p>\n<p style=\"text-align: justify;\">A TC 1. cikk\u00e9ben a p\u00e1pa a liturgi\u00e1ra vonatkoz\u00f3 szab\u00e1lyt fogalmazza meg:<\/p>\n<blockquote>\n<p style=\"text-align: justify;\">&#8220;A Szent VI. P\u00e1l \u00e9s Szent II. J\u00e1nos P\u00e1l \u00e1ltal kihirdetett liturgikus k\u00f6nyvek, a II. Vatik\u00e1ni Zsinat hat\u00e1rozatainak megfelel\u0151en, a r\u00f3mai r\u00edtus lex orandij\u00e1nak egyed\u00fcl\u00e1ll\u00f3 kifejez\u0151d\u00e9sei&#8221;. Ez a cikk gyakorlatilag tagadja azt a megk\u00fcl\u00f6nb\u00f6ztet\u00e9st, amelyet XVI. Benedek megpr\u00f3b\u00e1lt tenni, megk\u00fcl\u00f6nb\u00f6ztetve k\u00e9t &#8220;r\u00edtust&#8221; a r\u00f3mai r\u00edtuson bel\u00fcl. Ferenc p\u00e1pa itt egyszer\u0171en azt k\u00f6veti, ami VI. P\u00e1l sz\u00e1nd\u00e9ka volt, amikor a Novus Ordo Missae-t kihirdette: &#8220;Elrendelj\u00fck, hogy ezek a t\u00f6rv\u00e9nyek \u00e9s el\u0151\u00edr\u00e1sok most \u00e9s a j\u00f6v\u0151ben szil\u00e1rdak \u00e9s \u00e9rv\u00e9nyesek legyenek, a sz\u00fcks\u00e9ges m\u00e9rt\u00e9kben az el\u0151deink \u00e1ltal kiadott apostoli konstit\u00faci\u00f3k \u00e9s rendeletek, valamint m\u00e1s el\u0151\u00edr\u00e1sok ellen\u00e9re, m\u00e9g azok ellen\u00e9re is, amelyek k\u00fcl\u00f6n eml\u00edt\u00e9st \u00e9s m\u00f3dos\u00edt\u00e1st \u00e9rdemelnek&#8221;. (Missale Romanum, 1969)9<\/p>\n<\/blockquote>\n<p style=\"text-align: justify;\">A 3. cikk meglep\u0151, mivel a hagyom\u00e1nyos latin mise tov\u00e1bbi \u00fcnnepl\u00e9s\u00e9t a Novus Ordo Missae-vel kapcsolatos doktrin\u00e1lis \u00e1ll\u00e1spont elfogad\u00e1s\u00e1t\u00f3l teszi f\u00fcgg\u0151v\u00e9:<\/p>\n<blockquote>\n<p style=\"text-align: justify;\">&#8220;Az egyh\u00e1zmegye p\u00fcsp\u00f6ke&#8230; k\u00f6teles meg\u00e1llap\u00edtani, hogy ezek a csoportok nem tagadj\u00e1k a II. vatik\u00e1ni zsinat \u00e1ltal dikt\u00e1lt liturgikus reform \u00e9rv\u00e9nyess\u00e9g\u00e9t \u00e9s legitimit\u00e1s\u00e1t&#8221;.<\/p>\n<\/blockquote>\n<p style=\"text-align: justify;\">A k\u00eds\u00e9r\u0151lev\u00e9lben Ferenc p\u00e1pa csal\u00f3dotts\u00e1g\u00e1nak ad hangot amiatt, hogy egyesek, akik a hagyom\u00e1nyos latin mis\u00e9hez ragaszkodnak, \u00fagy t\u0171nik, elutas\u00edtj\u00e1k II. TC 3. cikk\u00e9vel egy\u00fctt, az itt tett megjegyz\u00e9sei \u00fagy t\u0171nik, mintha egy m\u00e1sik tanbeli \u00e1ll\u00e1spontot tenn\u00e9nek el\u0151felt\u00e9tel\u00e9v\u00e9 annak, hogy tov\u00e1bbra is a r\u00e9gi r\u00edtus szerint \u00fcnnepeljenek vagy j\u00e1rjanak: &#8220;<em>Mindazon\u00e1ltal elszomor\u00edt, hogy az 1962-es Missale Romanum instrument\u00e1lis haszn\u00e1lat\u00e1t gyakran jellemzi nemcsak a liturgikus reform, hanem mag\u00e1nak a II. vatik\u00e1ni zsinatnak az elutas\u00edt\u00e1sa is&#8230; A zsinatot k\u00e9ts\u00e9gbe vonni annyi, mint k\u00e9ts\u00e9gbe vonni \u00e9ppen azoknak az aty\u00e1knak a sz\u00e1nd\u00e9kait, akik cum Petro et sub Petro \u00fcnnep\u00e9lyes m\u00f3don gyakorolt\u00e1k kollegi\u00e1lis hatalmukat egy \u00f6kumenikus zsinaton, \u00e9s v\u00e9gs\u0151 soron mag\u00e1t a Szentlelket, aki az Egyh\u00e1zat vezeti.<\/em>&#8220;.<\/p>\n<p><strong>Forr\u00e1sok: <br \/>\n<\/strong><\/p>\n<div class=\"textLayer\"><sup>8<\/sup> The <em>motu proprio<\/em>: <a href=\"https:\/\/www.vatican.va\/content\/francesco\/en\/motu_proprio\/documents\/20210716-motu-proprio-traditionis-custodes.html\" target=\"_blank\" rel=\"noopener\">https:\/\/www.vatican.va\/content\/francesco\/en\/motu_proprio\/documents\/20210716-motu-proprio-traditionis-custodes.html <\/a><\/div>\n<div class=\"textLayer\">The accompanying letter: <a href=\"https:\/\/www.vatican.va\/content\/francesco\/en\/events\/event.dir.html\/content\/vaticanevents\/en\/2021\/7\/16\/lettera-vescovi-liturgia.html\" target=\"_blank\" rel=\"noopener\">https:\/\/www.vatican.va\/content\/francesco\/en\/events\/event.dir.html\/content\/vaticanevents\/en\/2021\/7\/16\/lettera-vescovi-liturgia.html3<\/a><\/div>\n<h4>Forr\u00e1s: LifeSiteNews<\/h4>\n<p>El\u0151z\u0151 r\u00e9szek:<\/p>\n<ol>\n<li>\n<h5><a href=\"https:\/\/actio-catholica.hu\/index.php\/2023\/02\/23\/inkabb-istennek-engedelmeskedj-mint-az-embereknek-1-resz\" target=\"_blank\" rel=\"noopener\">&#8220;Ink\u00e1bb Istennek engedelmeskedj, mint az embereknek&#8221; &#8211; 1. r\u00e9sz<\/a><\/h5>\n<\/li>\n<li>\n<h5><a href=\"https:\/\/actio-catholica.hu\/index.php\/2023\/02\/23\/inkabb-istennek-engedelmeskedj-mint-az-embereknek-2-resz\">&#8220;Ink\u00e1bb Istennek engedelmeskedj, mint az embereknek&#8221; &#8211; 2. r\u00e9sz<\/a><\/h5>\n<\/li>\n<\/ol>\n<h3 style=\"text-align: center;\">Folytat\u00e1s k\u00f6vetkezik &gt;&gt;&gt;<\/h3>\n","protected":false},"excerpt":{"rendered":"<p>&#8220;29P\u00e9ter \u00e9s az apostolok \u00edgy v\u00e1laszoltak: \u201eInk\u00e1bb kell engedelmeskedni Istennek, mint az embereknek.&#8221; [ApCsel 5,9] Egy SSPX pap az engedelmess\u00e9g hat\u00e1rair\u00f3l az egyh\u00e1zi v\u00e1ls\u00e1g idej\u00e9n Egyre ink\u00e1bb \u00fagy \u00e9rzik, hogy azok, akik h\u0171s\u00e9ges katolikusok akarnak maradni, k\u00e9nytelenek vagy a p\u00e1p\u00e1nak engedelmeskedni, vagy a Szent Anya Egyh\u00e1z k\u00f6vetkezetes tan\u00edt\u00e1sainak.<\/p>\n","protected":false},"author":3,"featured_media":4988,"comment_status":"closed","ping_status":"closed","sticky":false,"template":"","format":"standard","meta":{"h5ap_radio_sources":[],"footnotes":""},"categories":[1047],"tags":[116,668,44,56,102,809,647,293,227,297,54,187,55,348,241,57,78,1027,61,1182,626,115,144,50,47,131,52,120,294],"class_list":["post-5270","post","type-post","status-publish","format-standard","has-post-thumbnail","hentry","category-lifesitenews","tag-biblia","tag-bun","tag-egyhaz","tag-eucharisztia","tag-evangelium","tag-ferenc-papa","tag-fsspx","tag-hagyomany","tag-ii-vatikani-zsinat","tag-isten","tag-jezus","tag-katolikus","tag-krisztus","tag-liberalizmus","tag-liturgia","tag-oltariszentseg","tag-papa","tag-pontifikatus","tag-puspok","tag-st-thomas-aquinas","tag-szeminarium","tag-szentiras","tag-szentlelek","tag-szentmise","tag-tanitas","tag-templom","tag-ujszovetseg","tag-unnep","tag-vallas"],"_links":{"self":[{"href":"https:\/\/actio-catholica.hu\/index.php\/wp-json\/wp\/v2\/posts\/5270","targetHints":{"allow":["GET"]}}],"collection":[{"href":"https:\/\/actio-catholica.hu\/index.php\/wp-json\/wp\/v2\/posts"}],"about":[{"href":"https:\/\/actio-catholica.hu\/index.php\/wp-json\/wp\/v2\/types\/post"}],"author":[{"embeddable":true,"href":"https:\/\/actio-catholica.hu\/index.php\/wp-json\/wp\/v2\/users\/3"}],"replies":[{"embeddable":true,"href":"https:\/\/actio-catholica.hu\/index.php\/wp-json\/wp\/v2\/comments?post=5270"}],"version-history":[{"count":2,"href":"https:\/\/actio-catholica.hu\/index.php\/wp-json\/wp\/v2\/posts\/5270\/revisions"}],"predecessor-version":[{"id":5349,"href":"https:\/\/actio-catholica.hu\/index.php\/wp-json\/wp\/v2\/posts\/5270\/revisions\/5349"}],"wp:featuredmedia":[{"embeddable":true,"href":"https:\/\/actio-catholica.hu\/index.php\/wp-json\/wp\/v2\/media\/4988"}],"wp:attachment":[{"href":"https:\/\/actio-catholica.hu\/index.php\/wp-json\/wp\/v2\/media?parent=5270"}],"wp:term":[{"taxonomy":"category","embeddable":true,"href":"https:\/\/actio-catholica.hu\/index.php\/wp-json\/wp\/v2\/categories?post=5270"},{"taxonomy":"post_tag","embeddable":true,"href":"https:\/\/actio-catholica.hu\/index.php\/wp-json\/wp\/v2\/tags?post=5270"}],"curies":[{"name":"wp","href":"https:\/\/api.w.org\/{rel}","templated":true}]}}