{"id":5404,"date":"2023-03-17T08:00:24","date_gmt":"2023-03-17T07:00:24","guid":{"rendered":"https:\/\/actio-catholica.hu\/?p=5404"},"modified":"2023-03-03T17:54:28","modified_gmt":"2023-03-03T16:54:28","slug":"uldoztetes-kozepette-kovessuk-szent-patrik-peldajat","status":"publish","type":"post","link":"https:\/\/actio-catholica.hu\/index.php\/2023\/03\/17\/uldoztetes-kozepette-kovessuk-szent-patrik-peldajat\/","title":{"rendered":"&#8220;\u00dcld\u00f6ztet\u00e9s k\u00f6zepette k\u00f6vess\u00fck Szent Patrik p\u00e9ld\u00e1j\u00e1t&#8221;"},"content":{"rendered":"<h2>Kedves Katolikus Hagyom\u00e1nyok Bar\u00e1tai!<\/h2>\n<p><em>M\u00e1rcius h\u00f3napba esik Szent Patrik, \u00cdrorsz\u00e1g v\u00e9d\u0151szentj\u00e9nek \u00fcnnepe (m\u00e1rcius 17.). Az \u0151 \u00e9lete mint\u00e1ul szolg\u00e1lhat napjainkban, amikor az Egyh\u00e1zon bel\u00fclr\u0151l \u00e9s k\u00fcls\u0151 ellens\u00e9gei r\u00e9sz\u00e9r\u0151l is \u00fcld\u00f6ztetnek.<\/em><\/p>\n<p style=\"text-align: justify;\"><!--more--><img loading=\"lazy\" decoding=\"async\" class=\"aligncenter size-full wp-image-5415\" src=\"https:\/\/actio-catholica.hu\/wp-content\/uploads\/2023\/03\/Szent-Patrik.jpeg\" alt=\"\" width=\"899\" height=\"600\" srcset=\"https:\/\/actio-catholica.hu\/wp-content\/uploads\/2023\/03\/Szent-Patrik.jpeg 899w, https:\/\/actio-catholica.hu\/wp-content\/uploads\/2023\/03\/Szent-Patrik-300x200.jpeg 300w, https:\/\/actio-catholica.hu\/wp-content\/uploads\/2023\/03\/Szent-Patrik-768x513.jpeg 768w\" sizes=\"auto, (max-width: 899px) 100vw, 899px\" \/>Szent Patrikot rabszolgak\u00e9nt elfogt\u00e1k \u00e9s \u00cdrorsz\u00e1gba vitt\u00e9k. T\u00f6bb kem\u00e9ny, rabszolgak\u00e9nt elszenvedett \u00e9v ut\u00e1n siker\u00fclt megsz\u00f6knie. Miut\u00e1n papp\u00e1 szentelt\u00e9k, Patrik nem tudott nem gondolni a pog\u00e1nys\u00e1gban elveszett szeg\u00e9ny \u00edr n\u00e9pre. Ez\u00e9rt k\u00e9rte, hogy k\u00fcldj\u00e9k vissza \u00cdrorsz\u00e1gba, hogy elvihesse a hitet azoknak az embereknek, akik elfogt\u00e1k \u00e9s rabszolgasorba tasz\u00edtott\u00e1k. Ahelyett, hogy keser\u0171 \u00e9s d\u00fch\u00f6s maradt volna elnyom\u00f3i ellen, Patrik megsz\u00e1nta az \u00edr n\u00e9pet, \u00e9s igyekezett elvinni nekik Krisztus igazs\u00e1g\u00e1t, hogy megvil\u00e1g\u00edtsa pog\u00e1nys\u00e1guk s\u00f6t\u00e9ts\u00e9g\u00e9t. Visszat\u00e9rt, hogy l\u00e1ngra lobbantja \u00cdrorsz\u00e1got Krisztus\u00e9rt, \u00e9s megt\u00e9r\u00edtse az \u00edr n\u00e9pet, hogy a szigetet v\u00e9g\u00fcl a Szentek \u00e9s Tud\u00f3sok Szigetek\u00e9nt ismerj\u00e9k.<\/p>\n<p style=\"text-align: justify;\">A vall\u00e1si \u00e9let eg\u00e9sz \u00cdrorsz\u00e1gban vir\u00e1gzott. Az \u00edr n\u00e9p megtartotta a hitet a protest\u00e1ns angolok \u00e9vsz\u00e1zados \u00fcld\u00f6z\u00e9se ellen\u00e9re. Azt\u00e1n, amikor az \u00dajvil\u00e1got felfedezt\u00e9k \u00e9s ben\u00e9pes\u00edtett\u00e9k, \u00cdrorsz\u00e1g fiai v\u00e1laszoltak a h\u00edv\u00e1sra, hogy misszion\u00e1riusok legyenek. Elhagyt\u00e1k otthonaikat, hogy a nyugati f\u00e9lteke \u00faj nemzeteiben szolg\u00e1lj\u00e1k az emberek sz\u00fcks\u00e9gleteit. Mindez a lelki vir\u00e1gz\u00e1s Patrik \u00fcld\u00f6z\u0151inek adott nagylelk\u0171 \u00e9s term\u00e9szetfeletti v\u00e1lasz\u00e1nak volt k\u00f6sz\u00f6nhet\u0151.<\/p>\n<p style=\"text-align: justify;\">Szent Patriknak \u00fatmutat\u00e1sul kell szolg\u00e1lnia az \u00fcld\u00f6z\u0151inkkel szembeni reakci\u00f3nkhoz. \u00dagy t\u0171nik, Ferenc p\u00e1pa k\u00e9szen \u00e1ll arra, hogy m\u00e9g t\u00f6bb \u00fcld\u00f6z\u00e9st okozzon az Egyh\u00e1znak a heterodox zsinat a zsinatr\u00f3l sz\u00f3l\u00f3 zsinaton \u00e9s a Szent Patrik \u00e1ltal felk\u00edn\u00e1lt mise elleni tov\u00e1bbi t\u00e1mad\u00e1son kereszt\u00fcl. M\u00e9gis, ahelyett, hogy elkeseredn\u00e9nk \u00e9s d\u00fch\u00f6sek lenn\u00e9nk az ilyen \u00fcld\u00f6z\u0151kkel szemben, nek\u00fcnk is, mint Patrik, k\u00edv\u00e1nnunk kellene megt\u00e9r\u00e9s\u00fcket. Im\u00e1inkat \u00e9s j\u00f3 cselekedeteinket fel kell aj\u00e1nlanunk ezeknek az embereknek a megt\u00e9r\u00e9s\u00e9\u00e9rt, akik Krisztus Egyh\u00e1z\u00e1nak emberi elem\u00e9t neo-pog\u00e1ny elveiknek rabszolgasorba tasz\u00edtj\u00e1k. Nem a k\u00e1rhozatukat kell k\u00edv\u00e1nnunk, hanem a csod\u00e1latos megt\u00e9r\u00e9s\u00fcket. K\u00e9pzelj\u00fck el, milyen hat\u00e1ssal lenne a vil\u00e1gra Ferenc p\u00e1pa \u00e9s modernista csatl\u00f3sai csod\u00e1latos megt\u00e9r\u00e9se.<\/p>\n<p style=\"text-align: justify;\">Patrikhoz hasonl\u00f3an nek\u00fcnk is \u00f6r\u00f6mmel kellene felaj\u00e1nlanunk szenved\u00e9seinket a megt\u00e9r\u00e9s\u00fck\u00e9rt. \u00c9lethelyzet\u00fcnk\u00f6n bel\u00fcl, sz\u00f3val \u00e9s cselekedettel kellene hirdetn\u00fcnk Krisztus \u00e9s az \u0150 Egyh\u00e1z\u00e1nak hamis\u00edtatlan tan\u00edt\u00e1s\u00e1t. Patrik munk\u00e1j\u00e1hoz hasonl\u00f3an az ilyen megt\u00e9r\u00e9s egy\u00e9rtelm\u0171en Isten m\u0171ve lesz, nem a mi\u00e9nk, \u00e9s olyan rend\u00edthetetlen hitet fog eredm\u00e9nyezni, amely \u00e9vsz\u00e1zadokon \u00e1t mindent helyre\u00e1ll\u00edt Krisztusban. Ez a mi rem\u00e9ny\u00fcnk; ez a mi im\u00e1nk.<\/p>\n<p style=\"text-align: justify;\">A Catholic Family News igyekszik bet\u00f6lteni szer\u00e9ny szerep\u00e9t Krisztus Kir\u00e1ly e nagyszer\u0171 munk\u00e1j\u00e1ban. Azon dolgozunk, hogy neo-pog\u00e1ny korunk s\u00f6t\u00e9ts\u00e9g\u00e9ben is meg\u0151rizz\u00fck a hagyom\u00e1nyos hit \u00e9s gyakorlat ismerts\u00e9g\u00e9t. Apostols\u00e1gunk k\u00f6z\u00e9ppontj\u00e1ban havi \u00fajs\u00e1gunk \u00e1ll, amely most m\u00e1r nyomtatott \u00e9s elektronikus v\u00e1ltozatban is el\u00e9rhet\u0151. Igyekezve korunk eszk\u00f6zeivel \u00e9lni, az elm\u00falt \u00e9vekben kib\u0151v\u00edtett\u00fck a webes, vide\u00f3- \u00e9s audi\u00f3 tartalmak ingyenes terjeszt\u00e9s\u00e9t, hogy min\u00e9l t\u00f6bb elveszett lelket el\u00e9rj\u00fcnk, valamint hogy megnyugv\u00e1st \u00e9s igazs\u00e1got ny\u00fajtsunk azoknak a h\u0171s\u00e9ges katolikusoknak, akik aty\u00e1ink hit\u00e9nek gyakorl\u00e1s\u00e1n dolgoznak. K\u00e9rj\u00fck, t\u00e1mogassa apostols\u00e1gunkat azzal, hogy meg\u00faj\u00edtja vagy el\u0151fizet\u00e9st v\u00e1s\u00e1rol mag\u00e1nak vagy ismer\u0151seinek. Az egy\u00e9ves el\u0151fizet\u00e9s nem csak hozz\u00e1f\u00e9r\u00e9st biztos\u00edt az \u00fajs\u00e1gunkban tal\u00e1lhat\u00f3 exkluz\u00edv tartalmakhoz, hanem t\u00e1mogatja ingyenes tartalmunk munk\u00e1j\u00e1t is. K\u00f6sz\u00f6nj\u00fck folyamatos t\u00e1mogat\u00e1s\u00e1t!<\/p>\n<p style=\"text-align: justify;\">Mindannyian a CFN-n\u00e9l szent \u00e9s gy\u00fcm\u00f6lcs\u00f6z\u0151 b\u00f6jti id\u0151szakot k\u00edv\u00e1nunk, mik\u00f6zben k\u00e9sz\u00fcl\u00fcnk megv\u00e1lt\u00e1sunk miszt\u00e9riumainak elj\u00f6vetel\u00e9re \u00e1prilisban.<\/p>\n<p>Krisztus Kir\u00e1lyban,<\/p>\n<p style=\"text-align: right;\">Brian M. McCall<br \/>\nF\u0151szerkeszt\u0151<\/p>\n<p>Forr\u00e1s: catholicfamilynews.com<\/p>\n","protected":false},"excerpt":{"rendered":"<p>Kedves Katolikus Hagyom\u00e1nyok Bar\u00e1tai! M\u00e1rcius h\u00f3napba esik Szent Patrik, \u00cdrorsz\u00e1g v\u00e9d\u0151szentj\u00e9nek \u00fcnnepe (m\u00e1rcius 17.). Az \u0151 \u00e9lete mint\u00e1ul szolg\u00e1lhat napjainkban, amikor az Egyh\u00e1zon bel\u00fclr\u0151l \u00e9s k\u00fcls\u0151 ellens\u00e9gei r\u00e9sz\u00e9r\u0151l is \u00fcld\u00f6ztetnek.<\/p>\n","protected":false},"author":3,"featured_media":5374,"comment_status":"closed","ping_status":"closed","sticky":false,"template":"","format":"standard","meta":{"h5ap_radio_sources":[],"footnotes":""},"categories":[1156],"tags":[116,438,668,1208,1207,44,719,486,102,293,1203,657,227,297,54,183,187,55,348,241,1205,57,1204,51,1206,61,115,50,47,131,52,294],"class_list":["post-5404","post","type-post","status-publish","format-standard","has-post-thumbnail","hentry","category-catholicfamilynews-com","tag-biblia","tag-biboros","tag-bun","tag-chicago","tag-cupich","tag-egyhaz","tag-eretnekseg","tag-erkolcs","tag-evangelium","tag-hagyomany","tag-homoerotikus","tag-homoszexualitas","tag-ii-vatikani-zsinat","tag-isten","tag-jezus","tag-katedralis","tag-katolikus","tag-krisztus","tag-liberalizmus","tag-liturgia","tag-lourdes","tag-oltariszentseg","tag-orgia","tag-oszovetseg","tag-pornograf","tag-puspok","tag-szentiras","tag-szentmise","tag-tanitas","tag-templom","tag-ujszovetseg","tag-vallas"],"_links":{"self":[{"href":"https:\/\/actio-catholica.hu\/index.php\/wp-json\/wp\/v2\/posts\/5404","targetHints":{"allow":["GET"]}}],"collection":[{"href":"https:\/\/actio-catholica.hu\/index.php\/wp-json\/wp\/v2\/posts"}],"about":[{"href":"https:\/\/actio-catholica.hu\/index.php\/wp-json\/wp\/v2\/types\/post"}],"author":[{"embeddable":true,"href":"https:\/\/actio-catholica.hu\/index.php\/wp-json\/wp\/v2\/users\/3"}],"replies":[{"embeddable":true,"href":"https:\/\/actio-catholica.hu\/index.php\/wp-json\/wp\/v2\/comments?post=5404"}],"version-history":[{"count":1,"href":"https:\/\/actio-catholica.hu\/index.php\/wp-json\/wp\/v2\/posts\/5404\/revisions"}],"predecessor-version":[{"id":5416,"href":"https:\/\/actio-catholica.hu\/index.php\/wp-json\/wp\/v2\/posts\/5404\/revisions\/5416"}],"wp:featuredmedia":[{"embeddable":true,"href":"https:\/\/actio-catholica.hu\/index.php\/wp-json\/wp\/v2\/media\/5374"}],"wp:attachment":[{"href":"https:\/\/actio-catholica.hu\/index.php\/wp-json\/wp\/v2\/media?parent=5404"}],"wp:term":[{"taxonomy":"category","embeddable":true,"href":"https:\/\/actio-catholica.hu\/index.php\/wp-json\/wp\/v2\/categories?post=5404"},{"taxonomy":"post_tag","embeddable":true,"href":"https:\/\/actio-catholica.hu\/index.php\/wp-json\/wp\/v2\/tags?post=5404"}],"curies":[{"name":"wp","href":"https:\/\/api.w.org\/{rel}","templated":true}]}}