{"id":5721,"date":"2023-04-28T08:00:30","date_gmt":"2023-04-28T06:00:30","guid":{"rendered":"https:\/\/actio-catholica.hu\/?p=5721"},"modified":"2023-04-21T09:33:12","modified_gmt":"2023-04-21T07:33:12","slug":"katolikus-poganysag-a-maya-mise-az-egyhaz-utban-az-emberaldozat-fele","status":"publish","type":"post","link":"https:\/\/actio-catholica.hu\/index.php\/2023\/04\/28\/katolikus-poganysag-a-maya-mise-az-egyhaz-utban-az-emberaldozat-fele\/","title":{"rendered":"Katolikus pog\u00e1nys\u00e1g &#8211; a maya mise. Az egyh\u00e1z \u00fatban az ember\u00e1ldozat fel\u00e9"},"content":{"rendered":"<p><em>Az el\u0151z\u0151 napokban a Mexik\u00f3ban bevezetend\u0151 maya &#8220;r\u00edtus\u00fa&#8221; Novus Ordo mise h\u00edreit adtuk k\u00f6zre amerikai \u00e9s hagyom\u00e1nyos katolikus forr\u00e1sokb\u00f3l. Ma egy olyan \u00edr\u00e1st adunk k\u00f6zre, mely hazai p\u00e1ly\u00e1n &#8211; Magyarorsz\u00e1gon &#8211; \u00edr\u00f3dott. Ezek er\u0151s figyelmeztet\u00e9sek minden katolikus sz\u00e1m\u00e1ra, hogy mi v\u00e1r r\u00e1nk a j\u00f6v\u0151ben, mint a II. Vatik\u00e1ni Zsinat gy\u00fcm\u00f6lcse, amit meg\u00faj\u00edt\u00e1snak neveznek.<\/em><\/p>\n<p style=\"text-align: justify;\"><!--more-->A mis\u00e9nek egy \u00faj v\u00e1ltozata van terjed\u0151ben a katolikus vil\u00e1gban: a \u201c<em>maya r\u00edtus\u00fa<\/em>\u201d mise. Ez a liturgikus mut\u00e1ci\u00f3 a d\u00e9l-amerikai p\u00e1pa, Jorge Mario Bergoglio teljes t\u00e1mogat\u00e1s\u00e1t \u00e9lvezn\u00e9. Egy \u00faj, hallucin\u00e1l\u00f3 fejezet abban, amit a Renovatio 21-en \u201c<em>p\u00e1pai pog\u00e1nys\u00e1gnak<\/em>\u201d nevezt\u00fcnk. Egy kifejez\u00e9s, amely m\u00e1r nem oximoron (magyarul: ellent\u00e9tes tartalmakat jel\u00f6l\u0151 fogalom), hanem a t\u00e9nyek tiszta val\u00f3s\u00e1ga.<span id=\"more-5550\"><\/span><a href=\"https:\/\/www.renovatio21.com\/allombra-del-paganesimo-papale\/\"><img loading=\"lazy\" decoding=\"async\" class=\"aligncenter size-full wp-image-5722\" src=\"https:\/\/actio-catholica.hu\/wp-content\/uploads\/2023\/04\/maya-balvany.jpg\" alt=\"\" width=\"1094\" height=\"729\" srcset=\"https:\/\/actio-catholica.hu\/wp-content\/uploads\/2023\/04\/maya-balvany.jpg 1094w, https:\/\/actio-catholica.hu\/wp-content\/uploads\/2023\/04\/maya-balvany-300x200.jpg 300w, https:\/\/actio-catholica.hu\/wp-content\/uploads\/2023\/04\/maya-balvany-1024x682.jpg 1024w, https:\/\/actio-catholica.hu\/wp-content\/uploads\/2023\/04\/maya-balvany-768x512.jpg 768w\" sizes=\"auto, (max-width: 1094px) 100vw, 1094px\" \/><\/a>A \u201d<em>Maya mise<\/em>\u201d nem helyi r\u00f6gt\u00f6nz\u00e9s, hanem valami, amit a r\u00f3mai hierarchia szisztematikusan el\u0151k\u00e9sz\u00edtett. Teh\u00e1t t\u00e9nyleges dokumentumok keringenek.<\/p>\n<ul>\n<li style=\"text-align: justify;\"><a href=\"https:\/\/www.renovatio21.com\/allombra-del-paganesimo-papale\/\" target=\"_blank\" rel=\"noopener\">https:\/\/www.renovatio21.com\/allombra-del-paganesimo-papale\/<\/a><\/li>\n<\/ul>\n<p style=\"text-align: justify;\">A LifeSiteNews \u00e9letv\u00e9d\u0151 honlap l\u00e1tta az \u00faj \u201c<em>maya r\u00edtus<\/em>\u201d tervezet\u00e9t, amely meger\u0151s\u00edti, hogy a katolikus liturgi\u00e1ba b\u00e1lv\u00e1nyim\u00e1d\u00f3nak t\u0171n\u0151 elemeket vezetnek be.<\/p>\n<p style=\"text-align: justify;\">A dokumentum, amelynek c\u00edme \u201c<em>A <strong>mise rendes r\u00edtus\u00e1nak kiigaz\u00edt\u00e1sa<\/strong> a San Cristobal de las Casas-i egyh\u00e1zmegye (Chiapas) \u0151slakos n\u00e9pei k\u00f6r\u00e9ben<\/em>\u201d, \u00e9s amely 2023 \u00e1prilis\u00e1ban kelt, 31 oldalas, \u00e9s r\u00e9szletesen elmagyar\u00e1z minden olyan v\u00e1ltoztat\u00e1st, amelyet a r\u00f3mai misek\u00f6nyvben a mise rendes r\u00edtus\u00e1n eszk\u00f6z\u00f6lni k\u00edv\u00e1nnak. Javaslatot tesz tov\u00e1bb\u00e1 a rendes mise rubrik\u00e1inak konkr\u00e9t m\u00f3dos\u00edt\u00e1s\u00e1ra is. Egy k\u00f6zel 20 f\u0151s bizotts\u00e1g \u2013 k\u00e9t p\u00fcsp\u00f6k, sok pap \u00e9s n\u00e9h\u00e1ny v\u00e9letlenszer\u0171en kiv\u00e1lasztott n\u0151 \u2013 k\u00e9sz\u00edtette a dokumentumot, amely b\u0151s\u00e9gesen haszn\u00e1l id\u00e9zeteket a n\u00e9hai jezsuita Carlo Maria Martini b\u00edborost\u00f3l, az \u00fagynevezett \u201c<em>Sanct Galleni maffia<\/em>\u201d vezet\u0151j\u00e9t\u0151l, a modernista b\u00edborosok azon csoportj\u00e1t\u00f3l, amely \u00e1ll\u00edt\u00f3lag Bergoglio tr\u00f3nra ker\u00fcl\u00e9s\u00e9t ir\u00e1ny\u00edtotta.<\/p>\n<p style=\"text-align: justify;\">A fent eml\u00edtett Martini \u00e9s maga Ferenc p\u00e1pa mellett a tervezet szerz\u0151je, Felipe Jaled Ali Modad Aguilar atya, aki m\u00e1r a 2019-es amazoniai zsinat el\u0151k\u00e9sz\u00edt\u0151i k\u00f6z\u00f6tt van, szint\u00e9n jezsuita. A pap a J\u00e9zus T\u00e1rsas\u00e1ga vall\u00e1sk\u00f6zi kapcsolatok\u00e9rt felel\u0151s csoportj\u00e1nak is tagja, \u00e9s mint ilyen, az amerikai kontinens \u0151shonos vall\u00e1sai\u00e9rt felel\u0151s.<\/p>\n<p style=\"text-align: justify;\">A Vatik\u00e1ni Istentiszteleti \u00e9s Szents\u00e9gi Kongreg\u00e1ci\u00f3 febru\u00e1r 27-28-\u00e1n magas rang\u00fa tisztvisel\u0151t k\u00fcld\u00f6tt Mexik\u00f3ba, hogy a chiapasi San Crist\u00f3bal de Las Casas helyi egyh\u00e1zmegy\u00e9vel t\u00e1rgyaljon err\u0151l az \u00faj r\u00edtusr\u00f3l, ami azt mutatja, hogy ez a projekt m\u00e1r mennyire el\u0151rehaladott \u00e1llapotban van.<\/p>\n<p style=\"text-align: justify;\">A San Crist\u00f3bal de Las Casas-i egyh\u00e1zmegye XVI. Benedek pontifik\u00e1tusa alatt fegyelmi b\u00fcntet\u00e9st kapott, mert bevezetett egy \u00faj, bennsz\u00fcl\u00f6tt \u00e1lland\u00f3 diakon\u00e1tust, amelyben <strong>a h\u00e1zas diak\u00f3nusok feles\u00e9geit is bevont\u00e1k a szolg\u00e1latba, ezzel egyfajta h\u00e1zass\u00e1g \u00e1ltali paps\u00e1g rem\u00e9ny\u00e9t keltve<\/strong>.<\/p>\n<p style=\"text-align: justify;\">R\u00f3ma m\u00e9g 2005-ben utas\u00edtotta az akkori Arizmendi p\u00fcsp\u00f6k\u00f6t, hogy \u00e1ll\u00edtsa le az ilyen felszentel\u00e9seket. Ferenc p\u00e1pa p\u00e1pai tr\u00f3nra v\u00e1laszt\u00e1sa ut\u00e1n azonban nagyon gyorsan teljesen megfordult ez a helyzet, \u00e9s a p\u00e1pa akt\u00edvan b\u00e1tor\u00edtja a liturgikus \u201c<em>inkultur\u00e1ci\u00f3t<\/em>\u201d, amelyet D\u00e9l-Mexik\u00f3ban folytatnak.<\/p>\n<p style=\"text-align: justify;\">A besz\u00e1mol\u00f3k szerint a maya r\u00edtust el\u0151sz\u00f6r \u00e1prilisban mutatj\u00e1k be a mexik\u00f3i p\u00fcsp\u00f6ki konferenci\u00e1nak, majd m\u00e1jusban a Vatik\u00e1nnak.<\/p>\n<p style=\"text-align: justify;\">A besz\u00e1mol\u00f3k szerint az \u00faj maya miser\u00edtus meger\u0151s\u00edti a f\u00e9rfi \u00e9s n\u0151i laikusok szerep\u00e9t a mis\u00e9ben, \u00e9s <strong>sz\u00e1mos olyan maya ritu\u00e1l\u00e9t tartalmaz, amelyeknek b\u00e1lv\u00e1nyim\u00e1d\u00f3 jelent\u0151s\u00e9ge van<\/strong> az \u0151si \u00e9s v\u00e9res k\u00f6z\u00e9p-amerikai vall\u00e1sban.<\/p>\n<p style=\"text-align: justify;\">Az \u00faj bennsz\u00fcl\u00f6tt mise hivatalos tervezet\u00e9nek legfontosabb v\u00e1ltoz\u00e1sai k\u00f6z\u00f6tt a k\u00f6vetkez\u0151 h\u00e1rom szerepel: a t\u00f6mj\u00e9nez\u00e9st a mise sor\u00e1n f\u00e9rfi vagy n\u0151i laikusok v\u00e9gzik; az im\u00e1ds\u00e1gokat egy laikus vagy n\u0151 vezeti, akinek \u00faj liturgikus tiszts\u00e9g\u00e9t \u201c<em>princip\u00e1lisnak<\/em>\u201d nevezik a mise sor\u00e1n; maja liturgikus t\u00e1ncok. Ezen k\u00edv\u00fcl a maya olt\u00e1r bevon\u00e1s\u00e1t is bemutatj\u00e1k, de nem nevezik annak.<\/p>\n<p style=\"text-align: justify;\">\u201c<em>A legaggaszt\u00f3bb, ahogyan arr\u00f3l kor\u00e1bban besz\u00e1moltunk, \u00e9s most a hivatalos dokumentum tervezet\u00e9ben meger\u0151s\u00edtett\u00e9k, a kifejezetten maya vall\u00e1si gyakorlatok bevon\u00e1sa a katolikus liturgi\u00e1ba<\/em>\u201d \u2013 \u00edrja a Lifesitenews.<\/p>\n<p style=\"text-align: justify;\">A <strong>maya vall\u00e1st<\/strong>, mint tudjuk, <strong>\u00e1thatotta a t\u00f6bbistenhit, az animizmus, az \u0151s\u00f6k im\u00e1data \u00e9s<\/strong> \u2013 nem minden jelent\u0151s\u00e9g n\u00e9lk\u00fcl, ahogy a Renovatio 21 olvas\u00f3ja tudja \u2013 <strong>az ember\u00e1ldozatok<\/strong>.<\/p>\n<p style=\"text-align: justify;\">Az \u00faj r\u00edtus mag\u00e1ban foglalja a hangos im\u00e1dkoz\u00e1st, a \u201c<em>liturgikus t\u00e1ncot<\/em>\u201d, a gyerty\u00e1k haszn\u00e1lat\u00e1t \u00e9s a n\u00e9gy ir\u00e1nyba val\u00f3 im\u00e1dkoz\u00e1st.<\/p>\n<p style=\"text-align: justify;\">Ezek a gyakorlatok jelen vannak a pog\u00e1nys\u00e1g minden sz\u00e9less\u00e9gi fok\u00e1n, valamint a nyugati m\u00e1gi\u00e1ban \u00e9s azon t\u00fal is. A n\u00e9gy \u00e9gt\u00e1jhoz int\u00e9zett ima, amely a boszork\u00e1nys\u00e1g modern form\u00e1iban, p\u00e9ld\u00e1ul a wicc\u00e1ban is jelen van, nem m\u00e1s, mint a n\u00e9gy \u00e9gt\u00e1j felett uralkod\u00f3 szellemek megid\u00e9z\u00e9se, amelyeket a may\u00e1k \u201c<em>Pawatuun<\/em>\u201d-nak neveztek. E pog\u00e1ny istens\u00e9gek mindegyik\u00e9nek megvolt a maga saj\u00e1tos sz\u00edne: Cantzicnal, az \u00e9szaki isten feh\u00e9r; Hosanek, a d\u00e9li isten s\u00e1rga; Hobnil, a keleti isten piros; Saccimi, a nyugati isten fekete.<\/p>\n<p style=\"text-align: justify;\">Igen \u00e9rdekes, hogy a n\u00e9gy \u00e9gt\u00e1jhoz int\u00e9zett ima mellett ugyanezen sz\u00ednek haszn\u00e1lat\u00e1t javasolja a maya ritu\u00e1l\u00e9 tervezete is.<\/p>\n<p style=\"text-align: justify;\">Ezt m\u00e1r l\u00e1thattuk, s\u0151t a vil\u00e1g telev\u00edzi\u00f3j\u00e1ban is, Bergoglio kanadai apostoli \u00fatja sor\u00e1n. Mint tudjuk, Ferenc r\u00e9szt vett egy pog\u00e1ny indi\u00e1n ritu\u00e1l\u00e9n, a \u201c<em>smudging<\/em>\u201d-on, egyfajta \u201c<em>ritu\u00e1lis megtisztul\u00e1son<\/em>\u201d a n\u00e9gy \u00e9gt\u00e1j fel\u00e9. Egy \u00e1ll\u00edt\u00f3lag bennsz\u00fcl\u00f6tt s\u00e1m\u00e1n egy pulykatollat \u00e9s n\u00e9mi \u00e9des f\u00fcvet k\u00edn\u00e1lt neki, majd mindenkit arra k\u00e9rtek, hogy vegyen r\u00e9szt egy \u201c<em>l\u00e9lekk\u00f6rben<\/em>\u201d, amelyb\u0151l \u201c<em>egy szent t\u00fczet vizualiz\u00e1lhatunk (\u2026) a szent t\u0171z egyes\u00edt mindent, ami a teremt\u00e9sben l\u00e9tezik<\/em>\u201d.<\/p>\n<ul>\n<li style=\"text-align: justify;\"><a href=\"https:\/\/www.renovatio21.com\/negromanzia-papale-in-mondovisione-bergoglio-partecipa-ad-un-rito-pagano-che-invoca-il-sacro-circolo-degli-spiriti\/\">https:\/\/www.renovatio21.com\/negromanzia-papale-in-mondovisione-bergoglio-partecipa-ad-un-rito-pagano-che-invoca-il-sacro-circolo-degli-spiriti\/<\/a><\/li>\n<\/ul>\n<p style=\"text-align: justify;\">\u201c<em>Tisztelni fogjuk a f\u00f6ldet, a szelet, a vizet \u00e9s a t\u00fczet<\/em>\u201d \u2013 jelentette ki a bennsz\u00fcl\u00f6ttek \u00f6regje klasszikus ezoterikus szavakkal. \u201c<em>Tisztelni fogjuk az \u00e1sv\u00e1nyi aspektust, a n\u00f6v\u00e9nyi aspektust \u00e9s az emberi aspektust.<\/em>\u201d A m\u00e1gikus ritu\u00e1l\u00e9 folytat\u00e1sak\u00e9nt a v\u00e9n azt mondta, hogy \u201c<em>megk\u00e9ri a Keletet, hogy nyissa meg az ajtaj\u00e1t, hogy bejuthassunk abba az ir\u00e1nyba. Ami a D\u00e9lt illeti, \u00e9n is kinyitom az ajtaj\u00e1t, hogy bejuthassunk abba az ir\u00e1nyba<\/em>\u201d \u2013 tette hozz\u00e1, mik\u00f6zben ritu\u00e1lisan meglengette a f\u00fcst\u00f6lg\u0151 f\u00fcvet a pulykatollal. \u201c<em>Megk\u00e9rem a Nyugatot, \u00e9s kinyitom azt az ajt\u00f3t<\/em>\u201d, amelyet s\u00f6t\u00e9ten \u201c<em>a nagymama ajtaj\u00e1nak<\/em>\u201d nevezett, v\u00e9g\u00fcl hozz\u00e1tette, hogy \u201c<em>tisztelni fogja az \u00e9szaki ir\u00e1nyt<\/em>\u201d, amelyet az \u00f6njel\u00f6lt v\u00e9nember \u201c<em>a nagysz\u00fcl\u0151k ir\u00e1ny\u00e1nak<\/em>\u201d nevezett.<\/p>\n<p style=\"text-align: justify;\">Hogy \u201c<em>megnyissa a n\u00e9gy ir\u00e1nyt<\/em>\u201d, az id\u0151s s\u00e1m\u00e1n n\u00e9gyszer f\u00fcttyentett egy csont hangszeren kereszt\u00fcl, miel\u0151tt azt mondta: \u201c<em>Arra k\u00e9rem a nyugati nagymam\u00e1t, hogy adjon nek\u00fcnk hozz\u00e1f\u00e9r\u00e9st a szellemek szent k\u00f6r\u00e9hez, hogy vel\u00fcnk lehessenek, hogy egy\u00fctt egyes\u00fclhess\u00fcnk \u00e9s er\u0151sebbek lehess\u00fcnk<\/em>\u201d.<\/p>\n<p style=\"text-align: justify;\">Ez egy nekromantikus esem\u00e9ny volt \u2013 a halott vagy m\u00e1s szellemekkel val\u00f3 kapcsolatfelv\u00e9tel \u2013 amelyen a p\u00e1pa a vil\u00e1g telev\u00edzi\u00f3j\u00e1nak \u00e9l\u0151 ad\u00e1s\u00e1ban vett r\u00e9szt. Nekromantikus elemek m\u00e1r Mexik\u00f3ban is jelen lenn\u00e9nek bizonyos helyzetekben. A szin\u00f3dusr\u00f3l sz\u00f3l\u00f3 2021-es bejegyz\u00e9s\u00e9ben Aguilar azt \u00edrta, hogy \u201c<em>az \u0151slakos n\u00e9pek vall\u00e1si hagyom\u00e1nyaiban a megk\u00fcl\u00f6nb\u00f6ztet\u00e9s \u00e9rtelm\u00e9ben az az elem, amely a legnagyobb figyelmet keltette, az a fontoss\u00e1g, amelyet annak biztos\u00edt\u00e1s\u00e1ra ford\u00edtanak, hogy a meghozott d\u00f6nt\u00e9sek \u00f6sszhangban legyenek a term\u00e9szettel, a teremt\u00e9ssel<\/em>\u201d.<\/p>\n<ul>\n<li style=\"text-align: justify;\"><a href=\"https:\/\/www.jesuits.global\/2021\/09\/20\/discernment-and-synodality-in-the-interreligious-context\/\">https:\/\/www.jesuits.global\/2021\/09\/20\/discernment-and-synodality-in-the-interreligious-context\/<\/a><\/li>\n<\/ul>\n<p style=\"text-align: justify;\">\u201c<em>Sok esetben sz\u00fcks\u00e9g van az \u0151s\u00f6kkel (az \u0151s\u00f6kkel, akik m\u00e1r meghaltak, de tov\u00e1bbra is r\u00e9szei a k\u00f6z\u00f6ss\u00e9gnek) val\u00f3 konzult\u00e1ci\u00f3ra, hogy a meghozott d\u00f6nt\u00e9sek vel\u00fck is \u00f6sszhangban legyenek<\/em>\u201d.<\/p>\n<blockquote>\n<p>Szerk.: magyar\u00e1n TAGADJA a pokol \u00e9s a tiszt\u00edt\u00f3t\u0171z l\u00e9tez\u00e9s\u00e9nek a DOGM\u00c1J\u00c1T, ami kimondottan eretneks\u00e9g \u00e9s (az 1364. k\u00e1n szerint) automatikus kik\u00f6z\u00f6s\u00edt\u00e9st von maga ut\u00e1n.<\/p>\n<\/blockquote>\n<p style=\"text-align: justify;\">Minden \u00e9rtelemben a halottak szellemeivel val\u00f3 \u201c<em>konzult\u00e1ci\u00f3r\u00f3l<\/em>\u201d besz\u00e9l: ez sz\u00f3 szerint nekromanci\u00e1t jelent. Mint a kanadai s\u00e1m\u00e1n\u00e9, aki Bergogli\u00f3t fogadta.<\/p>\n<p style=\"text-align: justify;\">Most ugyanezek a gyakorlatok hivatalosan is szerepelnek a katolikus mis\u00e9ben. A gyakorlatban pog\u00e1nyos\u00edtj\u00e1k a katolicizmust, m\u00e9ghozz\u00e1 komolyan. A r\u00f3mai egyh\u00e1zat egy kato-pog\u00e1ny vall\u00e1ss\u00e1 degrad\u00e1lj\u00e1k, sz\u00f6rny\u0171 von\u00e1sokkal: mert ha \u00e9szreveszik, ez nem egy olyan kereszt\u00e9nys\u00e9g, amely a New Age panteizmusba vagy a lutheri redukcionista intellektualizmusba t\u00e9ved, hanem egy olyan \u0151si, m\u00e9rhetetlen\u00fcl kegyetlen vall\u00e1s dikt\u00e1tumai szerint mut\u00e1l\u00f3dik az istentisztelet, ahol az ember\u00e1ldozat az istentisztelet alapvet\u0151 r\u00e9sze.<\/p>\n<p style=\"text-align: justify;\">A maya r\u00e9g\u00e9szeti lel\u0151helyeken val\u00f3ban gyermekkopony\u00e1k hegyeit tal\u00e1lt\u00e1k meg \u2013 2005-ben Comalcalc\u00f3ban egy nagy t\u00f6megs\u00edrt tal\u00e1ltak, ahol egy- vagy k\u00e9t\u00e9ves gyermekek kopony\u00e1i voltak. A maj\u00e1k m\u0171v\u00e9szet\u00fckben (metszetek, v\u00e1z\u00e1k) az \u00faj kir\u00e1ly tr\u00f3nra l\u00e9p\u00e9s\u00e9nek ritu\u00e1l\u00e9ja vagy a napt\u00e1ruk kezdete alkalm\u00e1val reproduk\u00e1lt\u00e1k a gyermeksz\u00edvek kiemel\u00e9s\u00e9t. Yucat\u00e1n ter\u00fclet\u00e9n a gyermek\u00e1ldozatok m\u00e9g a gyarmati id\u0151szak \u00e9veiben, az 1521 \u00e9s 1824 k\u00f6z\u00f6tti h\u00e1rom \u00e9vsz\u00e1zados spanyol uralom alatt is folytat\u00f3dtak.<\/p>\n<p style=\"text-align: justify;\">Krisztust\u00f3l elt\u00e9r\u0151en a maya istenek nem \u00e1ldoztak embereknek: azt k\u00f6vetelt\u00e9k, hogy embereket \u00e1ldozzanak fel \u00e9rt\u00fck. A maja istenek v\u00e9rszomjasak voltak \u2013 \u00e1rtatlan v\u00e9rre szomjazta, nagy sz\u00e1mban.<\/p>\n<p style=\"text-align: justify;\"><strong>Vil\u00e1gos, hogy a pog\u00e1nys\u00e1g visszat\u00e9r\u00e9se a val\u00f3di manipul\u00e1tort szolg\u00e1lja, hogy visszahozza az ember\u00e1ldozatot, ami ellent\u00e9te a szentmis\u00e9ben \u00fcnnepelt isten\u00e1ldozatnak. \u00c9s ezen a ponton mi sem hagyhatjuk figyelmen k\u00edv\u00fcl, hogy a n\u00e9pirt\u00f3 vall\u00e1s \u00e1ltal inspir\u00e1lt liturgia megjelen\u00e9se \u00e9ppen azokban a napokban t\u00f6rt\u00e9nik, amikor a hagyom\u00e1nyos szentmis\u00e9t, az \u00e1ltal\u00e1ban \u201c<em>latin mis\u00e9nek<\/em>\u201d nevezett tridenti r\u00edtust Bergoglio messze a m\u00e1r a Traditionis Custodes motu proprio ban meghat\u00e1rozott els\u00f6pr\u0151 hat\u00e1rokat meghalad\u00f3an t\u00e1madja. Mindenki azt h\u00edreszteli, hogy a szentmise vetus ordo gyakorlatilag mindenhol meg lesz akad\u00e1lyozva \u2013 \u00e9s azt is l\u00e1tjuk, hogy Amerik\u00e1ban m\u00e9g az FBI is megindul a h\u00edvek \u00fcld\u00f6z\u00e9se \u00e9rdek\u00e9ben.<\/strong><\/p>\n<ul>\n<li style=\"text-align: justify;\"><a href=\"https:\/\/www.renovatio21.com\/sfigorum-pontificum-ratzinger-sepolto-vivo\/\">https:\/\/www.renovatio21.com\/sfigorum-pontificum-ratzinger-sepolto-vivo\/<\/a><\/li>\n<li style=\"text-align: justify;\"><a href=\"https:\/\/www.renovatio21.com\/vaticano-verso-una-sepoltura-definitiva-della-messa-tradizionale\/\">https:\/\/www.renovatio21.com\/vaticano-verso-una-sepoltura-definitiva-della-messa-tradizionale\/<\/a><\/li>\n<li style=\"text-align: justify;\"><a href=\"https:\/\/www.renovatio21.com\/il-piano-fbi-di-spiare-i-cattolici-tradizionalisti-era-reale-parla-il-senatore-jordan\/\">https:\/\/www.renovatio21.com\/il-piano-fbi-di-spiare-i-cattolici-tradizionalisti-era-reale-parla-il-senatore-jordan\/<\/a><\/li>\n<li style=\"text-align: justify;\"><a href=\"https:\/\/www.renovatio21.com\/lfbi-contro-la-messa-in-latino-giusto-cosi\/\">https:\/\/www.renovatio21.com\/lfbi-contro-la-messa-in-latino-giusto-cosi\/<\/a><\/li>\n<\/ul>\n<p style=\"text-align: justify;\">Teh\u00e1t: igen az ezoterikus maya mis\u00e9re, nem az V. Pius mis\u00e9re. Az olvas\u00f3 l\u00e1thatja, hogy mostanra m\u00e1r minden \u00e1larc lehullott. Minden vil\u00e1gos volt m\u00e1r a Pachamama bemutat\u00e1sa el\u0151tt is.<\/p>\n<p style=\"text-align: justify;\">Az egyh\u00e1z nemcsak \u00f6ngyilkoss\u00e1got k\u00f6vet el: hatalmas hal\u00e1lg\u00e9pezett\u00e9 perverz\u00e1l\u00f3dik. A fogamz\u00e1sg\u00e1tl\u00e1s fel\u00e9 val\u00f3 nyit\u00e1s \u00e9s mindenekel\u0151tt az emberi l\u00e9nyek laborat\u00f3riumban t\u00f6rt\u00e9n\u0151 el\u0151\u00e1ll\u00edt\u00e1sa \u2013 ahol minden egyes karon\u00fcl\u0151 csecsem\u0151\u00e9rt tucatnyi embert \u00e1ldoznak fel \u2013 pontosan ezt jelenti.\u00a0 Hogyan is ne gondolhatn\u00e1nk teh\u00e1t a p\u00e1pa \u00e1ltal propag\u00e1lt \u00e9s megf\u00e9leml\u00edtett olt\u00f3anyagra, amelyet vitathatatlanul \u00e1rtatlan magzatok ember\u00e1ldozat\u00e1val nyernek.<\/p>\n<blockquote>\n<p style=\"text-align: justify;\"><a href=\"https:\/\/www.renovatio21.com\/contraccezione-riproduzione-artificiale-la-pontificia-accademia-per-la-vita-fa-ancora-parlare-di-se\/\">https:\/\/www.renovatio21.com\/contraccezione-riproduzione-artificiale-la-pontificia-accademia-per-la-vita-fa-ancora-parlare-di-se\/<\/a><\/p>\n<p style=\"text-align: justify;\"><a href=\"https:\/\/www.renovatio21.com\/la-prossima-enciclica-di-bergoglio-aprira-alla-contraccezione-lo-dice-il-giornale-dei-gesuiti\/\">https:\/\/www.renovatio21.com\/la-prossima-enciclica-di-bergoglio-aprira-alla-contraccezione-lo-dice-il-giornale-dei-gesuiti\/<\/a><\/p>\n<p style=\"text-align: justify;\"><a href=\"https:\/\/www.renovatio21.com\/pontificia-accademia-della-vita-artificiale-il-vaticano-apre-agli-esseri-umani-prodotti-in-laboratorio\/\">https:\/\/www.renovatio21.com\/pontificia-accademia-della-vita-artificiale-il-vaticano-apre-agli-esseri-umani-prodotti-in-laboratorio\/<\/a><\/p>\n<p style=\"text-align: justify;\"><a href=\"https:\/\/www.renovatio21.com\/bergoglio-tutti-dovrebbero-fare-il-vaccino-deve-essere-fatto\/\">https:\/\/www.renovatio21.com\/bergoglio-tutti-dovrebbero-fare-il-vaccino-deve-essere-fatto\/<\/a><\/p>\n<p style=\"text-align: justify;\"><a href=\"https:\/\/www.renovatio21.com\/per-me-cattolico-e-qualcosa-che-non-e-umano-intervista-alla-guardia-svizzera-che-ha-rifiutato-il-vaccino-obbligatorio-in-vaticano\/\">https:\/\/www.renovatio21.com\/per-me-cattolico-e-qualcosa-che-non-e-umano-intervista-alla-guardia-svizzera-che-ha-rifiutato-il-vaccino-obbligatorio-in-vaticano\/<\/a><\/p>\n<p style=\"text-align: justify;\"><a href=\"https:\/\/www.renovatio21.com\/il-papa-del-battesimo-di-satana\/\">https:\/\/www.renovatio21.com\/il-papa-del-battesimo-di-satana\/<\/a><\/p>\n<\/blockquote>\n<p style=\"text-align: justify;\">Ez a pusztul\u00e1s egyh\u00e1za, az emberi l\u00e9nyek veszt\u00e9nek egyh\u00e1za \u2013 miut\u00e1n al\u00e1vetett\u00e9k magukat a pog\u00e1ny d\u00e9monoknak, akik, ahogy a Szent Mih\u00e1ly arkangyalhoz sz\u00f3l\u00f3 ima \u00edrja, \u201c<strong>ad perditionem animarum pervagantur in mundo<\/strong> (lelkek veszt\u00e9re k\u00f6r\u00fclj\u00e1rnak a vil\u00e1gban) \u201c.<\/p>\n<p style=\"text-align: justify;\">A kereszt\u00e9nyekre neh\u00e9z id\u0151k v\u00e1rnak.<\/p>\n<h5 style=\"text-align: right;\">Roberto Dal Bosco<\/h5>\n<h4>Forr\u00e1s: petersziklaja.hu<\/h4>\n","protected":false},"excerpt":{"rendered":"<p>Az el\u0151z\u0151 napokban a Mexik\u00f3ban bevezetend\u0151 maya &#8220;r\u00edtus\u00fa&#8221; Novus Ordo mise h\u00edreit adtuk k\u00f6zre amerikai \u00e9s hagyom\u00e1nyos katolikus forr\u00e1sokb\u00f3l. Ma egy olyan \u00edr\u00e1st adunk k\u00f6zre, mely hazai p\u00e1ly\u00e1n &#8211; Magyarorsz\u00e1gon &#8211; \u00edr\u00f3dott. Ezek er\u0151s figyelmeztet\u00e9sek minden katolikus sz\u00e1m\u00e1ra, hogy mi v\u00e1r r\u00e1nk a j\u00f6v\u0151ben, mint a II. Vatik\u00e1ni Zsinat gy\u00fcm\u00f6lcse, amit meg\u00faj\u00edt\u00e1snak neveznek.<\/p>\n","protected":false},"author":3,"featured_media":5701,"comment_status":"closed","ping_status":"closed","sticky":false,"template":"","format":"standard","meta":{"h5ap_radio_sources":[],"footnotes":""},"categories":[1229],"tags":[116,438,668,44,1293,719,56,102,293,227,297,54,187,55,348,241,1212,1292,57,51,78,1290,61,1213,349,461,115,50,47,131,1294,52,120,294],"class_list":["post-5721","post","type-post","status-publish","format-standard","has-post-thumbnail","hentry","category-petersziklaja-hu","tag-biblia","tag-biboros","tag-bun","tag-egyhaz","tag-emberaldozat","tag-eretnekseg","tag-eucharisztia","tag-evangelium","tag-hagyomany","tag-ii-vatikani-zsinat","tag-isten","tag-jezus","tag-katolikus","tag-krisztus","tag-liberalizmus","tag-liturgia","tag-maja","tag-maya","tag-oltariszentseg","tag-oszovetseg","tag-papa","tag-poganysag","tag-puspok","tag-ritus","tag-satan","tag-szabadkomuves","tag-szentiras","tag-szentmise","tag-tanitas","tag-templom","tag-tobb-istenhit","tag-ujszovetseg","tag-unnep","tag-vallas"],"_links":{"self":[{"href":"https:\/\/actio-catholica.hu\/index.php\/wp-json\/wp\/v2\/posts\/5721","targetHints":{"allow":["GET"]}}],"collection":[{"href":"https:\/\/actio-catholica.hu\/index.php\/wp-json\/wp\/v2\/posts"}],"about":[{"href":"https:\/\/actio-catholica.hu\/index.php\/wp-json\/wp\/v2\/types\/post"}],"author":[{"embeddable":true,"href":"https:\/\/actio-catholica.hu\/index.php\/wp-json\/wp\/v2\/users\/3"}],"replies":[{"embeddable":true,"href":"https:\/\/actio-catholica.hu\/index.php\/wp-json\/wp\/v2\/comments?post=5721"}],"version-history":[{"count":5,"href":"https:\/\/actio-catholica.hu\/index.php\/wp-json\/wp\/v2\/posts\/5721\/revisions"}],"predecessor-version":[{"id":5727,"href":"https:\/\/actio-catholica.hu\/index.php\/wp-json\/wp\/v2\/posts\/5721\/revisions\/5727"}],"wp:featuredmedia":[{"embeddable":true,"href":"https:\/\/actio-catholica.hu\/index.php\/wp-json\/wp\/v2\/media\/5701"}],"wp:attachment":[{"href":"https:\/\/actio-catholica.hu\/index.php\/wp-json\/wp\/v2\/media?parent=5721"}],"wp:term":[{"taxonomy":"category","embeddable":true,"href":"https:\/\/actio-catholica.hu\/index.php\/wp-json\/wp\/v2\/categories?post=5721"},{"taxonomy":"post_tag","embeddable":true,"href":"https:\/\/actio-catholica.hu\/index.php\/wp-json\/wp\/v2\/tags?post=5721"}],"curies":[{"name":"wp","href":"https:\/\/api.w.org\/{rel}","templated":true}]}}