{"id":5975,"date":"2023-06-05T08:00:24","date_gmt":"2023-06-05T06:00:24","guid":{"rendered":"https:\/\/actio-catholica.hu\/?p=5975"},"modified":"2023-05-30T06:51:09","modified_gmt":"2023-05-30T04:51:09","slug":"lmbtq-unnepek-vallasi-unnepek-helyett","status":"publish","type":"post","link":"https:\/\/actio-catholica.hu\/index.php\/2023\/06\/05\/lmbtq-unnepek-vallasi-unnepek-helyett\/","title":{"rendered":"LMBTQ-\u00fcnnepek vall\u00e1si \u00fcnnepek helyett?"},"content":{"rendered":"<p style=\"text-align: right;\"><em>&#8220;Mond\u00e1k sz\u00edv\u00fckben \u0151k \u00e9s nemzets\u00e9g\u00fck egy\u00fctt: Sz\u00fcntess\u00fck meg az Isten minden \u00fcnnepnapj\u00e1t a f\u00f6ld\u00f6n.&#8221;<br \/>\nZsolt 73,9<\/em><\/p>\n<p><em>Grenoble polg\u00e1rmestere elt\u00f6r\u00f6ln\u00e9 a vall\u00e1si vonatkoz\u00e1s\u00fa \u00fcnnepeket a napt\u00e1rb\u00f3l \u00e9s helyett\u00fck olyan napokat tenne \u00fcnnepp\u00e9, amelyeknek LMBT-vonatkoz\u00e1suk van. A v\u00e1rosvezet\u0151 azon h\u00e1borodott fel, hogy a rend\u0151rs\u00e9g nyilv\u00e1ntart\u00e1st k\u00e9sz\u00edtett egy vid\u00e9ki nagyv\u00e1ros iskol\u00e1iban a muszlim \u00fcnnep idej\u00e9n t\u00e1vol maradt di\u00e1kok sz\u00e1m\u00e1r\u00f3l.<\/em><\/p>\n<p style=\"text-align: justify;\"><!--more--><img loading=\"lazy\" decoding=\"async\" class=\"aligncenter size-full wp-image-5985\" src=\"https:\/\/actio-catholica.hu\/wp-content\/uploads\/2023\/05\/2-satan.png\" alt=\"\" width=\"640\" height=\"353\" srcset=\"https:\/\/actio-catholica.hu\/wp-content\/uploads\/2023\/05\/2-satan.png 640w, https:\/\/actio-catholica.hu\/wp-content\/uploads\/2023\/05\/2-satan-300x165.png 300w\" sizes=\"auto, (max-width: 640px) 100vw, 640px\" \/>\u00dajra provok\u00e1l Grenoble z\u00f6ldp\u00e1rti polg\u00e1rmestere, \u00c9ric Piolle ez\u00fattal egy Twitter-bejegyz\u00e9ssel verte ki a biztos\u00edt\u00e9kot, azt \u00edrta ugyanis, hogy t\u00f6r\u00f6lj\u00e9k<sup>[1]<\/sup> el a napt\u00e1rb\u00f3l a vall\u00e1si vonatkoz\u00e1s\u00fa \u00fcnnepeket.<\/p>\n<p><a href=\"https:\/\/twitter.com\/EricPiolle\/status\/1661410564411731968\"><img loading=\"lazy\" decoding=\"async\" class=\"aligncenter wp-image-5976 size-full\" src=\"https:\/\/actio-catholica.hu\/wp-content\/uploads\/2023\/05\/Screenshot-2023-05-26-at-17-34-28-Eric-Piolle-a-Twitteren.png\" alt=\"\" width=\"478\" height=\"406\" srcset=\"https:\/\/actio-catholica.hu\/wp-content\/uploads\/2023\/05\/Screenshot-2023-05-26-at-17-34-28-Eric-Piolle-a-Twitteren.png 478w, https:\/\/actio-catholica.hu\/wp-content\/uploads\/2023\/05\/Screenshot-2023-05-26-at-17-34-28-Eric-Piolle-a-Twitteren-300x255.png 300w\" sizes=\"auto, (max-width: 478px) 100vw, 478px\" \/><\/a><\/p>\n<p style=\"text-align: justify;\">A z\u00f6ldp\u00e1rti v\u00e1rosvezet\u0151 javaslata szerint a vall\u00e1si \u00fcnnepek helyett olyan, vil\u00e1gi vonatkoz\u00e1s\u00fa napokat kellene \u00fcnnepnapp\u00e1 nyilv\u00e1n\u00edtani, amelyeknek a k\u00f6zt\u00e1rsas\u00e1ghoz, a forradalmakhoz, a komm\u00fcnh\u00f6z, a rabszolgas\u00e1g elt\u00f6rl\u00e9s\u00e9hez, valamint a n\u0151k \u00e9s az LMBT-szem\u00e9lyek jogaihoz k\u00f6t\u0151dnek.<\/p>\n<p style=\"text-align: justify;\">A politikus ezt egy kor\u00e1bbi bejegyz\u00e9s\u00e9vel kapcsolatban tette k\u00f6zz\u00e9. A vall\u00e1si \u00fcnnepek elt\u00f6rl\u00e9s\u00e9t az\u00e9rt javasolja, mert kor\u00e1bban felh\u00e1borod\u00e1st keltett, hogy a bel\u00fcgyminiszt\u00e9rium nyilv\u00e1ntart\u00e1sba venn\u00e9 azokat a di\u00e1kokat, akik hi\u00e1nyoztak az iskol\u00e1b\u00f3l a ramad\u00e1n v\u00e9g\u00e9t jelz\u0151 muszlim \u00fcnnep alkalm\u00e1val.<\/p>\n<p><a href=\"https:\/\/twitter.com\/EricPiolle\/status\/1661396377388085248\"><img loading=\"lazy\" decoding=\"async\" class=\"aligncenter wp-image-5976 size-full\" src=\"https:\/\/actio-catholica.hu\/wp-content\/uploads\/2023\/05\/Screenshot-2023-05-26-at-17-34-28-Eric-Piolle-a-Twitteren.png\" alt=\"\" width=\"478\" height=\"406\" srcset=\"https:\/\/actio-catholica.hu\/wp-content\/uploads\/2023\/05\/Screenshot-2023-05-26-at-17-34-28-Eric-Piolle-a-Twitteren.png 478w, https:\/\/actio-catholica.hu\/wp-content\/uploads\/2023\/05\/Screenshot-2023-05-26-at-17-34-28-Eric-Piolle-a-Twitteren-300x255.png 300w\" sizes=\"auto, (max-width: 478px) 100vw, 478px\" \/><\/a><\/p>\n<p style=\"text-align: justify;\">Piolle bejegyz\u00e9se szerint elfogadhatatlan, hogy az oktat\u00e1si miniszt\u00e9rium \u00e1ltal k\u00f6zz\u00e9tett iskolai napt\u00e1r \u00e9rtelm\u00e9ben a di\u00e1kok igazoltan maradnak t\u00e1vol az iskol\u00e1b\u00f3l a vall\u00e1si \u00fcnnepeken.<\/p>\n<p style=\"text-align: justify;\">Franciaorsz\u00e1gban \u00e9vente 11 munkasz\u00fcneti nap van, ebb\u0151l hat kereszt\u00e9ny vall\u00e1si \u00fcnnep, a h\u00fasv\u00e9t, Krisztus mennybemenetele, p\u00fcnk\u00f6sd, M\u00e1ria mennybemenetele, a mindenszentek \u00e9s a kar\u00e1csony.<\/p>\n<p style=\"text-align: justify;\">A z\u00f6ldp\u00e1rti polg\u00e1rmester szerint a ramad\u00e1n idej\u00e9n az iskol\u00e1b\u00f3l hi\u00e1nyz\u00f3 di\u00e1kok list\u00e1z\u00e1sa nem m\u00e1s, mint a bel\u00fcgyminiszter borzaszt\u00f3 tekint\u00e9lyelv\u0171 sodr\u00f3d\u00e1sa.<\/p>\n<p style=\"text-align: justify;\">A Piolle \u00e1ltal eml\u00edtett list\u00e1z\u00e1sr\u00f3l sz\u00f3l\u00f3 h\u00edr a minap r\u00f6ppent fel \u00e9s sokan felh\u00e1borodtak rajta. Els\u0151k\u00e9nt a La D\u00e9p\u00eache nev\u0171 helyi lap sz\u00e1molt be r\u00f3la, hogy mintegy sz\u00e1z toulouse-i iskola e-mailt kapott a rend\u0151rs\u00e9gt\u0151l, amelyben arra k\u00e9rt\u00e9k \u0151ket, hogy k\u00e9sz\u00edtsenek list\u00e1t azokr\u00f3l a di\u00e1kokr\u00f3l, akik a legfontosabb muszlim \u00fcnnep, a ramad\u00e1n v\u00e9g\u00e9t jelent\u0151 b\u00f6jt megt\u00f6r\u00e9s\u00e9nek napj\u00e1n nem mentek iskol\u00e1ba.<\/p>\n<p style=\"text-align: justify;\">Mivel a fenti int\u00e9zked\u00e9st sokan kifog\u00e1solt\u00e1k, azt \u00e1ll\u00edtva, hogy a di\u00e1kokr\u00f3l vall\u00e1si hovatartoz\u00e1suk alapj\u00e1n k\u00e9sz\u00edt list\u00e1t a bel\u00fcgyminiszt\u00e9rium, Sonia Backes \u00e1llamtitk\u00e1r k\u00f6zlem\u00e9nyt adott ki, melyben lesz\u00f6gezi, nem k\u00e9sz\u00edtettek list\u00e1t a di\u00e1kok vall\u00e1si hovatartoz\u00e1s\u00e1r\u00f3l.<\/p>\n<p><a href=\"https:\/\/twitter.com\/SoniaBackes\/status\/1660382341565493249\"><img loading=\"lazy\" decoding=\"async\" class=\"aligncenter wp-image-5978 size-full\" src=\"https:\/\/actio-catholica.hu\/wp-content\/uploads\/2023\/05\/Screenshot-2023-05-26-at-17-34-54-Sonia-Backes-a-Twitteren.png\" alt=\"\" width=\"478\" height=\"719\" srcset=\"https:\/\/actio-catholica.hu\/wp-content\/uploads\/2023\/05\/Screenshot-2023-05-26-at-17-34-54-Sonia-Backes-a-Twitteren.png 478w, https:\/\/actio-catholica.hu\/wp-content\/uploads\/2023\/05\/Screenshot-2023-05-26-at-17-34-54-Sonia-Backes-a-Twitteren-199x300.png 199w\" sizes=\"auto, (max-width: 478px) 100vw, 478px\" \/><\/a><\/p>\n<p style=\"text-align: justify;\">Az \u00e1llamtitk\u00e1r \u00e1ltal le\u00edrtak \u00e9rtelm\u00e9ben a miniszt\u00e9rium semmif\u00e9le nyilv\u00e1ntart\u00e1st nem vezet a di\u00e1kok vall\u00e1si hovatartoz\u00e1s\u00e1r\u00f3l \u00e9s senkit\u0151l nem k\u00e9rtek nevet \u00e9s egy\u00e9b szem\u00e9lyes adatokat. Indokl\u00e1s\u00e1ban az \u00e1ll, hogy a bel\u00fcgyminiszt\u00e9rium rendszeresen vizsg\u00e1lja egyes vall\u00e1si \u00fcnnepek hat\u00e1s\u00e1t a k\u00f6zszolg\u00e1ltat\u00e1sok m\u0171k\u00f6d\u00e9s\u00e9re, k\u00fcl\u00f6n\u00f6s tekintettel az oktat\u00e1si szf\u00e9r\u00e1ra, ennek \u00e9rtelm\u00e9ben k\u00e9rt\u00e9k az int\u00e9zm\u00e9nyvezet\u0151kt\u0151l a ramad\u00e1n v\u00e9g\u00e9t jelent\u0151 \u00fcnnep alkalm\u00e1val r\u00f6gz\u00edtett hi\u00e1nyz\u00e1sokat.<\/p>\n<h5>[1] A teljes Zsolt\u00e1rvers:<\/h5>\n<blockquote>\n<p>73:1 Mi\u00e9rt vetett\u00e9l el minket Isten, mindv\u00e9gig, f\u00f6lind\u00falv\u00e1n haragod a te legel\u0151d juhaira? <br \/>\n73:2 Eml\u00e9kezz\u00e9l meg gy\u0171lekezetedr\u0151l, melyet kezdett\u0151l b\u00edrt\u00e1l, <br \/>\n73:3 \u00e9s megv\u00e1ltott\u00e1l, mint \u00f6r\u00f6ks\u00e9ged oszt\u00e1lyr\u00e9sz\u00e9t; ki Sion hegy\u00e9n lakt\u00e1l. <br \/>\n73:4 Emeld f\u00f6l az \u0151 kev\u00e9lys\u00e9g\u00f6k ellen kezeidet mindv\u00e9gig. Mennyi gonoszt t\u0151n az ellens\u00e9g a szent helyen! <br \/>\n<strong>73:5 \u00c9s dicsekedtek, a kik gy\u0171l\u00f6ltek t\u00e9ged, \u00fcnnepeid k\u00f6z\u00f6tt. Az \u0151 jeleiket jelek\u0171l tett\u00e9k <\/strong><br \/>\n<strong>73:6 a magasokra, mint a kapukra, \u00e9s nem \u00e9rtett\u00e9k. Mint a f\u00e1k erdej\u00e9ben fejsz\u00e9kkel <\/strong><br \/>\n<strong>73:7 v\u00e1gt\u00e1k sz\u00e9t annak ajtait mindegy\u00fctt, fejsz\u00e9vel \u00e9s b\u00e1rddal d\u00f6nt\u00f6tt\u00e9k le azt, <\/strong><br \/>\n<strong>73:8 felgy\u00fajtott\u00e1k t\u0171zzel a te szent\u00e9lyedet, a f\u00f6ld\u00f6n megfert\u0151ztett\u00e9k a te neved hajl\u00e9k\u00e1t. <\/strong><br \/>\n<strong>73:9 Mond\u00e1k sziv\u00f6kben \u0151k \u00e9s nemzets\u00e9g\u00f6k egy\u00fctt: Sz\u0171ntess\u00fck meg az Isten minden \u00fcnnepnapj\u00e1t a f\u00f6ld\u00f6n. <\/strong><br \/>\n<strong>73:9 Jeleinket nem l\u00e1tjuk, m\u00e1r nincs pr\u00f3f\u00e9ta; s minket \u0151 nem ismer t\u00f6bb\u00e9. <\/strong><br \/>\n73:10 Isten! meddig szidalmaz az ellens\u00e9g, s boszantja nevedet az ellenkez\u0151 mindv\u00e9gig? <br \/>\n73:11 Mi\u00e9rt tartod vissza kezedet \u00e9s jobbodat? vond ki kebledb\u0151l, \u00e9s v\u00e9gezz. <br \/>\n73:12 Isten a mi kir\u00e1lyunk \u00f6r\u00f6kt\u0151l fogva, szabad\u00fal\u00e1st szerzett a f\u00f6ld k\u00f6zepett. <br \/>\n73:13 Te tetted er\u0151ss\u00e9gg\u00e9 er\u0151ddel a tengert, \u00f6sszez\u00faztad a s\u00e1rk\u00e1nyf\u0151ket a vizekben. <br \/>\n73:14 Te t\u00f6rted \u00f6ssze a s\u00e1rk\u00e1ny fejeit, eledel\u0171l adtad \u0151t a szerecsenek n\u00e9peinek. <br \/>\n73:15 Te fakasztott\u00e1l forr\u00e1sokat \u00e9s patakokat; te sz\u00e1rasztottad meg \u00c9t\u00e1n foly\u00f3vizeit. <br \/>\n73:16 Tied a nap, \u00e9s tied az \u00e9j; te alkottad a hajnalt \u00e9s a napot. <br \/>\n73:17 Te rendezted a f\u00f6ld minden hat\u00e1r\u00e1t; a nyarat \u00e9s tavaszt te teremtetted. <br \/>\n73:18 Eml\u00e9kezz\u00e9l meg err\u0151l: Az ellens\u00e9g szidalmazta az Urat, \u00e9s az esztelen n\u00e9p ingerlette a te nevedet. <br \/>\n73:19 Ne add a vadaknak a t\u00e9ged dics\u00e9r\u0151 lelkeket; \u00e9s szeg\u00e9nyeid lelkeit ne feledd el eg\u00e9szen. <br \/>\n73:20 Tekints a te sz\u00f6vets\u00e9gedre; mert kik hom\u00e1lyban voltak a f\u00f6ld\u00f6n, h\u00e1zakat birnak tele igaztalans\u00e1ggal. <br \/>\n73:21 Ne t\u00e9rjen vissza a megal\u00e1zott sz\u00e9gyennel; a szeg\u00e9ny \u00e9s sz\u0171k\u00f6lk\u00f6d\u0151 dics\u00e9rni fogj\u00e1k a te nevedet. <br \/>\n73:22 Kelj f\u00f6l, Isten! it\u00e9lj a te \u00fcgyedben; eml\u00e9kezz\u00e9l meg gyal\u00e1zatodr\u00f3l, melylyel az esztelen t\u00e9ged eg\u00e9sz nap illet. <br \/>\n73:23 Ne feledkezz\u00e9l el a te ellens\u00e9geid szavair\u00f3l; azok kev\u00e9lys\u00e9ge, kik t\u00e9ged gy\u00fcl\u00f6lnek, mindenkor n\u00f6vekedik.<\/p>\n<\/blockquote>\n<p>Forr\u00e1s: magyarnemzet.hu<\/p>\n","protected":false},"excerpt":{"rendered":"<p>&#8220;Mond\u00e1k sz\u00edv\u00fckben \u0151k \u00e9s nemzets\u00e9g\u00fck egy\u00fctt: Sz\u00fcntess\u00fck meg az Isten minden \u00fcnnepnapj\u00e1t a f\u00f6ld\u00f6n.&#8221; Zsolt 73,9 Grenoble polg\u00e1rmestere elt\u00f6r\u00f6ln\u00e9 a vall\u00e1si vonatkoz\u00e1s\u00fa \u00fcnnepeket a napt\u00e1rb\u00f3l \u00e9s helyett\u00fck olyan napokat tenne \u00fcnnepp\u00e9, amelyeknek LMBT-vonatkoz\u00e1suk van. A v\u00e1rosvezet\u0151 azon h\u00e1borodott fel, hogy a rend\u0151rs\u00e9g nyilv\u00e1ntart\u00e1st k\u00e9sz\u00edtett egy vid\u00e9ki nagyv\u00e1ros iskol\u00e1iban a muszlim \u00fcnnep idej\u00e9n t\u00e1vol maradt di\u00e1kok [&hellip;]<\/p>\n","protected":false},"author":3,"featured_media":5986,"comment_status":"closed","ping_status":"closed","sticky":false,"template":"","format":"standard","meta":{"h5ap_radio_sources":[],"footnotes":""},"categories":[1],"tags":[668,44,719,102,293,227,297,54,187,269,55,348,241,51,39,115,144,50,47,131,52,120,294,1147,1349],"class_list":["post-5975","post","type-post","status-publish","format-standard","has-post-thumbnail","hentry","category-uncategorized","tag-bun","tag-egyhaz","tag-eretnekseg","tag-evangelium","tag-hagyomany","tag-ii-vatikani-zsinat","tag-isten","tag-jezus","tag-katolikus","tag-keresztenyseg","tag-krisztus","tag-liberalizmus","tag-liturgia","tag-oszovetseg","tag-szent","tag-szentiras","tag-szentlelek","tag-szentmise","tag-tanitas","tag-templom","tag-ujszovetseg","tag-unnep","tag-vallas","tag-woke","tag-zold-politikus"],"_links":{"self":[{"href":"https:\/\/actio-catholica.hu\/index.php\/wp-json\/wp\/v2\/posts\/5975","targetHints":{"allow":["GET"]}}],"collection":[{"href":"https:\/\/actio-catholica.hu\/index.php\/wp-json\/wp\/v2\/posts"}],"about":[{"href":"https:\/\/actio-catholica.hu\/index.php\/wp-json\/wp\/v2\/types\/post"}],"author":[{"embeddable":true,"href":"https:\/\/actio-catholica.hu\/index.php\/wp-json\/wp\/v2\/users\/3"}],"replies":[{"embeddable":true,"href":"https:\/\/actio-catholica.hu\/index.php\/wp-json\/wp\/v2\/comments?post=5975"}],"version-history":[{"count":2,"href":"https:\/\/actio-catholica.hu\/index.php\/wp-json\/wp\/v2\/posts\/5975\/revisions"}],"predecessor-version":[{"id":5988,"href":"https:\/\/actio-catholica.hu\/index.php\/wp-json\/wp\/v2\/posts\/5975\/revisions\/5988"}],"wp:featuredmedia":[{"embeddable":true,"href":"https:\/\/actio-catholica.hu\/index.php\/wp-json\/wp\/v2\/media\/5986"}],"wp:attachment":[{"href":"https:\/\/actio-catholica.hu\/index.php\/wp-json\/wp\/v2\/media?parent=5975"}],"wp:term":[{"taxonomy":"category","embeddable":true,"href":"https:\/\/actio-catholica.hu\/index.php\/wp-json\/wp\/v2\/categories?post=5975"},{"taxonomy":"post_tag","embeddable":true,"href":"https:\/\/actio-catholica.hu\/index.php\/wp-json\/wp\/v2\/tags?post=5975"}],"curies":[{"name":"wp","href":"https:\/\/api.w.org\/{rel}","templated":true}]}}