{"id":6255,"date":"2023-06-26T08:00:35","date_gmt":"2023-06-26T06:00:35","guid":{"rendered":"https:\/\/actio-catholica.hu\/?p=6255"},"modified":"2023-06-30T08:53:55","modified_gmt":"2023-06-30T06:53:55","slug":"a-demonok-termeszeterol","status":"publish","type":"post","link":"https:\/\/actio-catholica.hu\/index.php\/2023\/06\/26\/a-demonok-termeszeterol\/","title":{"rendered":"A d\u00e9monok term\u00e9szet\u00e9r\u0151l"},"content":{"rendered":"<p><em>Amikor az angyalok egy r\u00e9sze visszautas\u00edtotta a sz\u00e1m\u00e1ra kijel\u00f6lt feladatot, az \u00f6ngy\u0171l\u00f6let \u00e9s \u00f6nut\u00e1lat t\u00f6k\u00e9letes aktus\u00e1t hajtott\u00e1k v\u00e9gre, ez\u00e9rt az \u00f6ngy\u0171l\u00f6let az a pszichol\u00f3giai mint\u00e1zat, amely az \u0151 saj\u00e1tjuk. Nek\u00fcnk teh\u00e1t k\u00e9t ok miatt is ker\u00fcln\u00fcnk kell az \u00f6ngy\u0171l\u00f6letet: egyr\u00e9szt, mert ez b\u0171n a szeretet ellen, m\u00e1sr\u00e9szt mert ez\u00e1ltal megval\u00f3s\u00edtjuk azt a spiritu\u00e1lis mint\u00e1t, amely gy\u00f6ker\u00e9ben d\u00e9moni. Ez ugyanis az a lelki ir\u00e1nyults\u00e1g, amelyet a d\u00e9monok igyekeznek kialak\u00edtani benn\u00fcnk, mert ez tesz minket vel\u00fck kompatibilit\u00e1ss\u00e1.<\/em><\/p>\n<p style=\"text-align: justify;\"><!--more--><img loading=\"lazy\" decoding=\"async\" class=\"aligncenter size-full wp-image-6256\" src=\"https:\/\/actio-catholica.hu\/wp-content\/uploads\/2023\/06\/pancel.webp\" alt=\"\" width=\"1400\" height=\"957\" srcset=\"https:\/\/actio-catholica.hu\/wp-content\/uploads\/2023\/06\/pancel.webp 1400w, https:\/\/actio-catholica.hu\/wp-content\/uploads\/2023\/06\/pancel-300x205.webp 300w, https:\/\/actio-catholica.hu\/wp-content\/uploads\/2023\/06\/pancel-1024x700.webp 1024w, https:\/\/actio-catholica.hu\/wp-content\/uploads\/2023\/06\/pancel-768x525.webp 768w\" sizes=\"auto, (max-width: 1400px) 100vw, 1400px\" \/>A bukott angyalok minden tulajdons\u00e1ga, amelyekkel rendelkeznek, az eredetileg sz\u00e1mukra kijel\u00f6lt feladatuknak megfelel\u0151. \u00c9s mivel egy r\u00e9sz\u00fcknek az emberek szolg\u00e1lata volt a feladata, az \u00e1ltaluk szolg\u00e1lt emberek seg\u00edt\u00e9s\u00e9hez sz\u00fcks\u00e9ges speci\u00e1lis k\u00e9pess\u00e9gekkel \u00e9s tulajdons\u00e1gokkal rendelkeznek. Az angyalokn\u00e1l, ak\u00e1rcsak a d\u00e9monokn\u00e1l, ezek a tulajdons\u00e1gok a term\u00e9szet\u00fck r\u00e9sze, ami azt jelenti, hogy az emberek seg\u00edt\u00e9se \u00e9s annak konkr\u00e9t m\u00f3dja az adott angyal saj\u00e1t term\u00e9szeti t\u00f6rv\u00e9ny\u00e9nek r\u00e9szei. Ez\u00e9rt minden angyal k\u00fcl\u00f6n \u201e<em>faj<\/em>\u201d, sokkal jobban k\u00fcl\u00f6nb\u00f6znek egym\u00e1st\u00f3l, mint p\u00e9ld\u00e1ul mi egy kuty\u00e1t\u00f3l.<\/p>\n<p style=\"text-align: justify;\">A d\u00e9monok a buk\u00e1suk ut\u00e1n is megtartott\u00e1k a term\u00e9szet\u00fck saj\u00e1toss\u00e1gait, \u00e9s ebb\u0151l, valamint abb\u00f3l a t\u00e9nyb\u0151l, hogy \u0151k egy speci\u00e1lis feladatra lettek teremtve, amire term\u00e9szet\u00fckn\u00e9l fogva ir\u00e1nyulva vannak, az is k\u00f6vetkezik, hogy buk\u00e1suk \u00f3ta akaratuk az eredetileg sz\u00e1mukra kijel\u00f6lt feladat tagad\u00e1s\u00e1ra ir\u00e1nyul, b\u00e1rhol is tal\u00e1lkozzanak azzal.<\/p>\n<p style=\"text-align: justify;\">Hadd mondjak erre egy p\u00e9ld\u00e1t:<\/p>\n<blockquote>\n<p style=\"text-align: justify;\"><strong>a Loki nevezet\u0171 d\u00e9mon, mert igen, ez egy l\u00e9tez\u0151 d\u00e9mon, teh\u00e1t Loki d\u00e9mon eredeti feladata az volt, hogy az embereket a szerzetesi \u00e9s papi hivat\u00e1sra \u00f6szt\u00f6n\u00f6zze. A S\u00e1t\u00e1n szolg\u00e1lat\u00e1ban ez a d\u00e9mon most a hivat\u00e1sok t\u00f6nkret\u00e9tel\u00e9t v\u00e9gzi, az\u00e1ltal, hogy vil\u00e1giass\u00e1 teszi az ilyen hivat\u00e1ssal rendelkez\u0151 embereket. \u00c9s l\u00e1thatjuk, hogy ez a fick\u00f3 elk\u00e9peszt\u0151en sikeres ebben \u2013 \u00e9s ez csak egy p\u00e9lda.<\/strong><\/p>\n<\/blockquote>\n<p style=\"text-align: justify;\">Egy m\u00e1sik p\u00e9lda mag\u00e1\u00e9 Lucifer\u00e9.<\/p>\n<blockquote>\n<p style=\"text-align: justify;\">A Lucifer n\u00e9v k\u00e9t latin sz\u00f3b\u00f3l sz\u00e1rmazik, azt jelenti, hogy \u201ef\u00e9nyt hoz\u00f3\u201d, mert az \u0151 f\u0151 feladata egyfajta intellektu\u00e1lis tev\u00e9kenys\u00e9g volt. H\u00e1rom alkalommal volt dolgom vele megsz\u00e1llottakban, \u00e9s egy alkalommal siker\u00fclt kivernem bel\u0151le, hogy az \u0151 eredeti feladata az volt, hogy megvil\u00e1g\u00edtsa a Sz\u0171zanya \u00e9rtelm\u00e9t, hogy ez\u00e1ltal m\u00e9g ink\u00e1bb \u00e1ldozatk\u00e9ssz\u00e9 tegye \u0151t.<\/p>\n<\/blockquote>\n<p style=\"text-align: justify;\">Azt mondta, hogy amikor l\u00e1tta \u0151t bel\u00fclr\u0151l, mert az els\u0151 instanci\u00e1ban minden angyal l\u00e1tta a feladat\u00e1hoz tartoz\u00f3 dolgokb\u00f3l azt, ami sz\u00fcks\u00e9ges volt a d\u00f6nt\u00e9s\u00e9hez, l\u00e1tta a Sz\u0171zanya bels\u0151 sz\u00e9ps\u00e9g\u00e9t. \u00c9s azt mondta, hogy a Sz\u0171zanya bels\u0151 \u00e9lete olyan t\u00f6k\u00e9letesen sz\u00e9p volt, hogy (Lucifer) azonnal tudta, hogy hozz\u00e1 k\u00e9pest \u0151 mindig csak a m\u00e1sodik lehet. \u00c9s ez a sz\u00e9ps\u00e9g az, amelyet \u0151 mag\u00e1nak akart. \u00c9s mivel a Sz\u0171zanya c\u00edme, az Igazs\u00e1g T\u00fckre kapcs\u00e1n nyilatkozott meg, azt mondtam neki \u2013 persze ez az exorcizmusban nagyon form\u00e1lisan t\u00f6rt\u00e9nik, nem ilyen k\u00f6tetlen besz\u00e9lget\u00e9sben zajlik, hanem parancsokat adok a d\u00e9monnak a besz\u00e9dre:<\/p>\n<blockquote>\n<p style=\"text-align: justify;\">\u201e<em>\u0150t (Istent) l\u00e1ttad a Sz\u0171zanya sz\u00e9ps\u00e9g\u00e9ben, \u00e9s a Sz\u0171zanya bels\u0151 \u00e9lete t\u00f6k\u00e9letes t\u00fckre volt Istennek, ugye?<\/em>\u201d<\/p>\n<\/blockquote>\n<p style=\"text-align: justify;\">\u00c9s azt v\u00e1laszolta:<\/p>\n<blockquote>\n<p style=\"text-align: justify;\">\u201eIgen, \u00e9s ez\u00e9rt akartam Isten lenni, nem a hatalom miatt, hanem mert az \u0150 sz\u00e9ps\u00e9g\u00e9t magamnak akartam.\u201d<\/p>\n<\/blockquote>\n<p style=\"text-align: justify;\">Ez az\u00e9rt is \u00e9rdekes, mert a m\u00e1sik feladata a zene volt, Isten a sz\u00e9p ir\u00e1nti \u00e9rz\u00e9ket adta neki. Ez is oka annak, hogy a zene, amit manaps\u00e1g hallunk annyira \u00e9rz\u00e9ki \u00e9s vad lett.<\/p>\n<p style=\"text-align: justify;\">De az els\u0151 feladata az \u00e1ldozatk\u00e9szs\u00e9gre vezet\u00e9s volt az \u00e9rtelm\u00fcnk megvil\u00e1gos\u00edt\u00e1sa r\u00e9v\u00e9n, \u00e9s (Lucifer) azt is mondta, hogy a Sz\u0171zanya eg\u00e9sz \u00e9lete sor\u00e1n \u00fajra \u00e9s \u00fajra fel\u00e1ldozta mag\u00e1t, \u00e9s \u00e9let\u00e9ben egyetlen egyszer sem n\u00e9zte ennek \u00e1r\u00e1t. Ez az, amiben \u0151 minden egyes embert\u0151l k\u00fcl\u00f6nb\u00f6zik: \u0151 nem hasonl\u00edt ebben a tekintetben r\u00e1nk, \u00e9s mi nem vagyunk olyanok, mint \u0151. Igaz az, hogy \u0151 ember, de Isten kegyelm\u00e9b\u0151l \u0151 egyetlen egyszer sem n\u00e9zte szem\u00e9lyes \u00e1ldozatainak \u00e1r\u00e1t, nem m\u00e9ricsk\u00e9lte, hogy ez vagy az a dolog, amit Isten k\u00e9rt t\u0151le f\u00e1jdalmas vagy kellemetlen lesz-e, csak azonnal megtette. Azt is mondta, hogy \u00e1ldozatainak \u00e1lland\u00f3 ism\u00e9tl\u00e9se volt az, ami az \u0151 eg\u00e9sz \u00e9let\u00e9t jellemezte: \u00fajra \u00e9s \u00fajra fel\u00e1ldozta \u00e9let\u00e9t. \u00c9s mindezt az\u00e9rt, amit egy m\u00e1sik d\u00e9mon mondott el egy exorcizmus sor\u00e1n: amikor a Sz\u0171zanya l\u00e1tta, hogy Isten mennyire j\u00f3, \u00f6nmag\u00e1t eg\u00e9szen Neki adta. Ez\u00e9rt amikor Lucifer megtudta, hogy az \u0151 feladata az volna, hogy m\u00e9g \u00e1ldozatk\u00e9szebb\u00e9 tegye a Sz\u0171zany\u00e1t, teh\u00e1t az \u0151 seg\u00edts\u00e9ge \u00e1ltal m\u00e9g nagyobb legyen a Sz\u0171zanya bels\u0151 sz\u00e9ps\u00e9ge, fell\u00e1zadt Isten ellen.<\/p>\n<p style=\"text-align: justify;\">Mivel a d\u00e9monok akarata term\u00e9szet\u00fck ir\u00e1nyults\u00e1g\u00e1nak megfelel\u0151en r\u00f6gz\u00fclt a rosszban, ez\u00e9rt bizonyos d\u00e9monok ink\u00e1bb bizonyos embereket zaklatnak. Nagyon gyakori, hogy egy adott embert megsz\u00e1llva tart\u00f3 d\u00e9mon kil\u00e9te az eredeti feladat\u00e1nak megford\u00edt\u00e1s\u00e1n alapszik, emiatt adott d\u00e9monok az adott t\u00edpus\u00fa rendelleness\u00e9gekn\u00e9l t\u0171nnek fel.<\/p>\n<p style=\"text-align: justify;\">P\u00e9ld\u00e1ul a tiszt\u00e1talans\u00e1g d\u00e9mona Belzebub, de egy\u00fattal Baal \u00e9s Asmodeus is az, \u00e9s vannak alattuk szolg\u00e1l\u00f3 d\u00e9monok is, amelyek szint\u00e9n a tiszt\u00e1talans\u00e1g d\u00e9monai. De \u00e1ltal\u00e1ban vannak saj\u00e1tos jellemz\u0151ik, amelyek alapj\u00e1n felismerhet\u0151 m\u0171k\u00f6d\u00e9s\u00fck: p\u00e9ld\u00e1ul, egy homoszexu\u00e1lis tendenci\u00e1kat mutat\u00f3 f\u00e9rfin\u00e1l megsz\u00e1llotts\u00e1g eset\u00e9n biztos, hogy Asmodeusr\u00f3l van sz\u00f3, mert \u0151 az a fick\u00f3, aki ezzel oper\u00e1l. Ez azt is mutatja, hogy a d\u00e9monok saj\u00e1tos pszichol\u00f3giai viselked\u00e9sm\u00f3dok ment\u00e9n befoly\u00e1solj\u00e1k \u00e9s v\u00e1lasztj\u00e1k ki ezeket az embereket.<\/p>\n<p style=\"text-align: justify;\">A d\u00e9monok megnyilv\u00e1nul\u00e1saikban nagyon konzisztensek. Ennek<\/p>\n<ol>\n<li style=\"text-align: justify;\">els\u0151 oka az, hogy a term\u00e9szet\u00fck nem v\u00e1ltozik, \u00e9s mindig a term\u00e9szet\u00fcknek megfelel\u0151en fognak viselkedni<\/li>\n<li style=\"text-align: justify;\">m\u00e1sodik oka az, hogy a b\u0171n r\u00f6gz\u00edtette \u0151ket egy viselked\u00e9si mint\u00e1ban, amelynek megfelel\u0151en cselekszenek<\/li>\n<li style=\"text-align: justify;\">harmadik oka az, hogy Isten szab\u00e1lyozza \u0151ket \u00e9s nem enged semmi olyant megtenni nekik, ami valamilyen m\u00f3don ne szolg\u00e1ln\u00e1 a lelki javunkat.<\/li>\n<\/ol>\n<p style=\"text-align: justify;\">Ez\u00e9rt ismerik el a d\u00e9monok megsz\u00e1llotts\u00e1gi esetekben is azt, hogy \u0151k a megsz\u00e1llott szem\u00e9ly megszentel\u0151d\u00e9s\u00e9nek eszk\u00f6zei. Sok ember, aki az \u00e1ltalam ismert legszentebbek k\u00f6z\u00fcl val\u00f3, megsz\u00e1llott volt, vagy most is megsz\u00e1llott. Ismertem egy asszonyt, aki az im\u00e1ds\u00e1g negyedik fok\u00e1n volt (ebb\u0151l kilenc fokozat van), amikor a megsz\u00e1llotts\u00e1g elkezd\u0151d\u00f6tt, \u00e9s n\u00e9gy fokozattal el\u0151r\u00e9bb jutott a megsz\u00e1llotts\u00e1g alatt, pedig a legt\u00f6bb ember soha nem \u00e9ri el a m\u00e1sodik fokot sem. Egy m\u00e1sikat, akivel mostan\u00e1ban foglalkozom, Belzebub, a tiszt\u00e1talans\u00e1g d\u00e9mona sz\u00e1llt meg, de ez a n\u0151 hat h\u00f3napon kereszt\u00fcl m\u00e9g csak bocs\u00e1natos b\u0171nt sem k\u00f6vetett el! Tizenn\u00e9gy \u00e9vvel ezel\u0151tt tisztas\u00e1gi fogadalmat tett, \u00e9s egyszer sem v\u00e9tett ellene. \u00cdgy Belzebub az \u0151 szentt\u00e9 v\u00e1l\u00e1s\u00e1nak eszk\u00f6ze.<\/p>\n<p style=\"text-align: justify;\">A k\u00eds\u00e9rt\u00e9sek h\u00e1rom forr\u00e1sb\u00f3l sz\u00e1rmaznak, a vil\u00e1gb\u00f3l, a testb\u0151l \u00e9s az \u00f6rd\u00f6gt\u0151l. A vil\u00e1g csak a testre hat, az \u00f6rd\u00f6g a vil\u00e1gra \u00e9s a testre is hat a megk\u00eds\u00e9rt\u00e9s\u00fcnk \u00e9rdek\u00e9ben. Az \u00f6rd\u00f6g nem minden k\u00eds\u00e9rt\u00e9s oka, de \u0151k ismerik a szok\u00e1sainkat \u00e9s mint\u00e1inkat, ezek alapj\u00e1n tudj\u00e1k, hogy val\u00f3sz\u00edn\u0171leg elbukunk egy adott k\u00eds\u00e9rt\u00e9s miatt. Ez\u00e9rt, ha \u00e9szreveszed, hogy valamilyen t\u00e9ren k\u00fczdelmeid vannak, ez azt jelenti, hogy a d\u00e9mon k\u00eds\u00e9rthet azon a ter\u00fcleten.<\/p>\n<p style=\"text-align: justify;\">P\u00e9ld\u00e1ul az extr\u00e9m haragra gerjed\u00e9s \u00cdzisz d\u00e9mon ter\u00fclete. Ennek oka az, hogy \u00cdzisz d\u00e9mon buk\u00e1s\u00e1t az okozta, hogy nem volt hajland\u00f3 elfogadni Krisztus emberek ir\u00e1nti irgalm\u00e1t, \u00e9s ennek k\u00f6vetkezt\u00e9ben a legkegyetlenebb, leggonoszabb d\u00e9monn\u00e1 v\u00e1lt, akivel valaha is dolgom volt. \u0150 bizonyos \u00e9rtelemben m\u00e9g a S\u00e1t\u00e1nn\u00e1l is rosszabb. \u00c9s ha ilyesmi megjelenik n\u00e1lad, az arra utal, hogy elkezdted ki\u00e9p\u00edteni a kompatibilit\u00e1sodat egy d\u00e9monnal, \u00e9s ez\u00e1ltal k\u00f6nnyen manipul\u00e1lhat\u00f3v\u00e1 v\u00e1lsz.<\/p>\n<p style=\"text-align: justify;\">Ez\u00e9rt a f\u0151 m\u00f3dja annak, hogy felvedd spiritu\u00e1lis k\u00fczdelmet, az a b\u0171n\u00f6k kiirt\u00e1sa az \u00e9letedb\u0151l, az er\u00e9ny kifejleszt\u00e9se, a lelki hib\u00e1id kik\u00fcsz\u00f6b\u00f6l\u00e9se, egy megfelel\u0151 ima\u00e9let kialak\u00edt\u00e1sa, amelyek mind az igazs\u00e1goss\u00e1g er\u00e9ny\u00e9nek r\u00e9sz\u00e9t k\u00e9pezik. \u00c9s amikor elkezded ezeket megtenni, a d\u00e9monok k\u00e9pess\u00e9ge a befoly\u00e1sol\u00e1sodra elkezd lecs\u00f6kkenni.<\/p>\n<h4>Forr\u00e1s: invocabo.wordpres.com<\/h4>\n","protected":false},"excerpt":{"rendered":"<p>Amikor az angyalok egy r\u00e9sze visszautas\u00edtotta a sz\u00e1m\u00e1ra kijel\u00f6lt feladatot, az \u00f6ngy\u0171l\u00f6let \u00e9s \u00f6nut\u00e1lat t\u00f6k\u00e9letes aktus\u00e1t hajtott\u00e1k v\u00e9gre, ez\u00e9rt az \u00f6ngy\u0171l\u00f6let az a pszichol\u00f3giai mint\u00e1zat, amely az \u0151 saj\u00e1tjuk. Nek\u00fcnk teh\u00e1t k\u00e9t ok miatt is ker\u00fcln\u00fcnk kell az \u00f6ngy\u0171l\u00f6letet: egyr\u00e9szt, mert ez b\u0171n a szeretet ellen, m\u00e1sr\u00e9szt mert ez\u00e1ltal megval\u00f3s\u00edtjuk azt a spiritu\u00e1lis mint\u00e1t, amely [&hellip;]<\/p>\n","protected":false},"author":3,"featured_media":3500,"comment_status":"closed","ping_status":"closed","sticky":false,"template":"","format":"standard","meta":{"h5ap_radio_sources":[],"footnotes":""},"categories":[1377],"tags":[1389,1387,116,668,44,102,1388,293,297,54,187,269,55,241,57,51,39,115,144,50,75,47,131,52,120,294],"class_list":["post-6255","post","type-post","status-publish","format-standard","has-post-thumbnail","hentry","category-invocabo-hirek","tag-asmodeus","tag-baal","tag-biblia","tag-bun","tag-egyhaz","tag-evangelium","tag-exorcizmus","tag-hagyomany","tag-isten","tag-jezus","tag-katolikus","tag-keresztenyseg","tag-krisztus","tag-liturgia","tag-oltariszentseg","tag-oszovetseg","tag-szent","tag-szentiras","tag-szentlelek","tag-szentmise","tag-szuzanya","tag-tanitas","tag-templom","tag-ujszovetseg","tag-unnep","tag-vallas"],"_links":{"self":[{"href":"https:\/\/actio-catholica.hu\/index.php\/wp-json\/wp\/v2\/posts\/6255","targetHints":{"allow":["GET"]}}],"collection":[{"href":"https:\/\/actio-catholica.hu\/index.php\/wp-json\/wp\/v2\/posts"}],"about":[{"href":"https:\/\/actio-catholica.hu\/index.php\/wp-json\/wp\/v2\/types\/post"}],"author":[{"embeddable":true,"href":"https:\/\/actio-catholica.hu\/index.php\/wp-json\/wp\/v2\/users\/3"}],"replies":[{"embeddable":true,"href":"https:\/\/actio-catholica.hu\/index.php\/wp-json\/wp\/v2\/comments?post=6255"}],"version-history":[{"count":2,"href":"https:\/\/actio-catholica.hu\/index.php\/wp-json\/wp\/v2\/posts\/6255\/revisions"}],"predecessor-version":[{"id":6258,"href":"https:\/\/actio-catholica.hu\/index.php\/wp-json\/wp\/v2\/posts\/6255\/revisions\/6258"}],"wp:featuredmedia":[{"embeddable":true,"href":"https:\/\/actio-catholica.hu\/index.php\/wp-json\/wp\/v2\/media\/3500"}],"wp:attachment":[{"href":"https:\/\/actio-catholica.hu\/index.php\/wp-json\/wp\/v2\/media?parent=6255"}],"wp:term":[{"taxonomy":"category","embeddable":true,"href":"https:\/\/actio-catholica.hu\/index.php\/wp-json\/wp\/v2\/categories?post=6255"},{"taxonomy":"post_tag","embeddable":true,"href":"https:\/\/actio-catholica.hu\/index.php\/wp-json\/wp\/v2\/tags?post=6255"}],"curies":[{"name":"wp","href":"https:\/\/api.w.org\/{rel}","templated":true}]}}