{"id":6336,"date":"2023-07-09T08:00:36","date_gmt":"2023-07-09T06:00:36","guid":{"rendered":"https:\/\/actio-catholica.hu\/?p=6336"},"modified":"2023-06-25T09:10:49","modified_gmt":"2023-06-25T07:10:49","slug":"a-nemvaltoztatashoz-valo-jog-a-satanizmus-alapteteleihez-tartozik","status":"publish","type":"post","link":"https:\/\/actio-catholica.hu\/index.php\/2023\/07\/09\/a-nemvaltoztatashoz-valo-jog-a-satanizmus-alapteteleihez-tartozik\/","title":{"rendered":"A nemv\u00e1ltoztat\u00e1shoz val\u00f3 jog a s\u00e1t\u00e1nizmus alapt\u00e9teleihez tartozik"},"content":{"rendered":"<p><em>ismerte el az amerikai s\u00e1t\u00e1nista szervezet. A S\u00e1t\u00e1ni Templom t\u00e1mogatja lmbtq-tagjait. A S\u00e1t\u00e1ni Templom (The Satanic Temple, TST), az amerikai s\u00e1t\u00e1nist\u00e1k \u201evall\u00e1si\u201d szervezetk\u00e9nt m\u0171k\u00f6d\u0151 amerikai sz\u00e9khely\u0171 \u00e9rdekv\u00e9delmi csoport felaj\u00e1nlotta, hogy \u201epapjai\u201d ki\u00e1llnak a transz tagjaik mellett, \u00e9s kijelentik, hogy<\/em><!--more--><\/p>\n<blockquote>\n<div class=\"keretes\">a nemv\u00e1ltoztat\u00f3 elj\u00e1r\u00e1sok a s\u00e1t\u00e1nizmus alapt\u00e9teleinek r\u00e9sz\u00e9t k\u00e9pezik.<\/div>\n<\/blockquote>\n<p style=\"text-align: justify;\">A szervezet a Twitteren megosztott bejegyz\u00e9sben azt \u00edrta, hogy a TST kifejezetten a transz tagjainak sz\u00e1nt olyan \u201eszak\u00e9rt\u0151i szolg\u00e1latot\u201d fog biztos\u00edtani, amelynek a c\u00e9lja, hogy el\u00e9rje a nemv\u00e1lt\u00e1shoz val\u00f3 jog\u00a0\u201evall\u00e1si jogk\u00e9nt\u201d val\u00f3 elismer\u00e9s\u00e9t,\u00a0amennyiben valamelyik tagjuk\u00a0\u201etesti auton\u00f3mi\u00e1j\u00e1t\u201d megs\u00e9rti b\u00e1rmelyik\u00a0\u00e1llami vagy sz\u00f6vets\u00e9gi hat\u00f3s\u00e1g.<\/p>\n<p style=\"text-align: justify;\">A TST saj\u00e1t bevall\u00e1sa szerint vil\u00e1gszerte mintegy 700 ezer taggal rendelkezik, \u00e9s a tanai k\u00f6z\u00f6tt szerepel az emberi test feletti teljes szem\u00e9lyes kontroll, \u00edgy a nemv\u00e1lt\u00e1s mellett t\u00f6bbek k\u00f6z\u00f6tt t\u00e1mogatj\u00e1k az abortuszhoz val\u00f3 jogot is.<\/p>\n<h4 style=\"text-align: left;\"><a href=\"https:\/\/twitter.com\/satanic_temple_\/status\/1668742480538501120?ref_src=twsrc%5Etfw%7Ctwcamp%5Etweetembed%7Ctwterm%5E1668742480538501120%7Ctwgr%5E71d408cc8bbd42994aae1a9370d996eba7574345%7Ctwcon%5Es1_&amp;ref_url=https%3A%2F%2Fmandiner.hu%2Fcikk%2F20230618_a_nem_valtoztatashoz_valo_jog_a_satanizmus_alapteteleihez_tartozik_ismerte_el_az_amerikai_satanista_szervezet\"><img loading=\"lazy\" decoding=\"async\" class=\"aligncenter size-full wp-image-6337\" src=\"https:\/\/actio-catholica.hu\/wp-content\/uploads\/2023\/06\/Screenshot-2023-06-21-at-12-02-27-The-Satanic-Temple-a-Twitteren.png\" alt=\"\" width=\"478\" height=\"574\" srcset=\"https:\/\/actio-catholica.hu\/wp-content\/uploads\/2023\/06\/Screenshot-2023-06-21-at-12-02-27-The-Satanic-Temple-a-Twitteren.png 478w, https:\/\/actio-catholica.hu\/wp-content\/uploads\/2023\/06\/Screenshot-2023-06-21-at-12-02-27-The-Satanic-Temple-a-Twitteren-250x300.png 250w\" sizes=\"auto, (max-width: 478px) 100vw, 478px\" \/><\/a>Forr\u00e1s: mandiner.hu<\/h4>\n","protected":false},"excerpt":{"rendered":"<p>ismerte el az amerikai s\u00e1t\u00e1nista szervezet. A S\u00e1t\u00e1ni Templom t\u00e1mogatja lmbtq-tagjait. A S\u00e1t\u00e1ni Templom (The Satanic Temple, TST), az amerikai s\u00e1t\u00e1nist\u00e1k \u201evall\u00e1si\u201d szervezetk\u00e9nt m\u0171k\u00f6d\u0151 amerikai sz\u00e9khely\u0171 \u00e9rdekv\u00e9delmi csoport felaj\u00e1nlotta, hogy \u201epapjai\u201d ki\u00e1llnak a transz tagjaik mellett, \u00e9s kijelentik, hogy<\/p>\n","protected":false},"author":3,"featured_media":6338,"comment_status":"closed","ping_status":"closed","sticky":false,"template":"","format":"standard","meta":{"h5ap_radio_sources":[],"footnotes":""},"categories":[1126],"tags":[719,486,688,657,686,349,47,131,294],"class_list":["post-6336","post","type-post","status-publish","format-standard","has-post-thumbnail","hentry","category-mandiner-hu","tag-eretnekseg","tag-erkolcs","tag-homoszexualis","tag-homoszexualitas","tag-lmbtq","tag-satan","tag-tanitas","tag-templom","tag-vallas"],"_links":{"self":[{"href":"https:\/\/actio-catholica.hu\/index.php\/wp-json\/wp\/v2\/posts\/6336","targetHints":{"allow":["GET"]}}],"collection":[{"href":"https:\/\/actio-catholica.hu\/index.php\/wp-json\/wp\/v2\/posts"}],"about":[{"href":"https:\/\/actio-catholica.hu\/index.php\/wp-json\/wp\/v2\/types\/post"}],"author":[{"embeddable":true,"href":"https:\/\/actio-catholica.hu\/index.php\/wp-json\/wp\/v2\/users\/3"}],"replies":[{"embeddable":true,"href":"https:\/\/actio-catholica.hu\/index.php\/wp-json\/wp\/v2\/comments?post=6336"}],"version-history":[{"count":1,"href":"https:\/\/actio-catholica.hu\/index.php\/wp-json\/wp\/v2\/posts\/6336\/revisions"}],"predecessor-version":[{"id":6339,"href":"https:\/\/actio-catholica.hu\/index.php\/wp-json\/wp\/v2\/posts\/6336\/revisions\/6339"}],"wp:featuredmedia":[{"embeddable":true,"href":"https:\/\/actio-catholica.hu\/index.php\/wp-json\/wp\/v2\/media\/6338"}],"wp:attachment":[{"href":"https:\/\/actio-catholica.hu\/index.php\/wp-json\/wp\/v2\/media?parent=6336"}],"wp:term":[{"taxonomy":"category","embeddable":true,"href":"https:\/\/actio-catholica.hu\/index.php\/wp-json\/wp\/v2\/categories?post=6336"},{"taxonomy":"post_tag","embeddable":true,"href":"https:\/\/actio-catholica.hu\/index.php\/wp-json\/wp\/v2\/tags?post=6336"}],"curies":[{"name":"wp","href":"https:\/\/api.w.org\/{rel}","templated":true}]}}