{"id":6758,"date":"2023-11-26T08:00:56","date_gmt":"2023-11-26T07:00:56","guid":{"rendered":"https:\/\/actio-catholica.hu\/?p=6758"},"modified":"2023-11-26T02:30:09","modified_gmt":"2023-11-26T01:30:09","slug":"parolin-a-katolikus-tanitas-a-homoszexualitasrol-nem-kepezi-vita-targyat","status":"publish","type":"post","link":"https:\/\/actio-catholica.hu\/index.php\/2023\/11\/26\/parolin-a-katolikus-tanitas-a-homoszexualitasrol-nem-kepezi-vita-targyat\/","title":{"rendered":"Parolin: A katolikus tan\u00edt\u00e1s a homoszexualit\u00e1sr\u00f3l nem k\u00e9pezi vita t\u00e1rgy\u00e1t"},"content":{"rendered":"<h1 dir=\"auto\" style=\"text-align: center;\">Parolin \u00e1llamtitk\u00e1r t\u00f6rv\u00e9nyt szab a n\u00e9met egyh\u00e1znak:<br \/>\nA katolikus tan\u00edt\u00e1s a homoszexualit\u00e1sr\u00f3l nem k\u00e9pezi vita t\u00e1rgy\u00e1t<\/h1>\n<div dir=\"auto\"><em>Pietro Parolin b\u00edboros \u00e1llamtitk\u00e1r arr\u00f3l t\u00e1j\u00e9koztatja a n\u00e9met p\u00fcsp\u00f6k\u00f6ket, hogy a f\u00e9rfiaknak fenntartott papp\u00e1 szentel\u00e9s \u00e9s az egyh\u00e1z homoszexualit\u00e1sr\u00f3l sz\u00f3l\u00f3 tan\u00edt\u00e1sa nem t\u00e1rgyalhat\u00f3 &#8211; n\u00e9met k\u00fcl\u00f6n \u00fat ez\u00e9rt<\/em><\/div>\n<p><!--more--><\/p>\n<div dir=\"auto\">\n<div dir=\"auto\">Die Tagespost<\/div>\n<div dir=\"auto\">2023. november 24.<\/div>\n<\/div>\n<div dir=\"auto\" style=\"text-align: justify;\"><img loading=\"lazy\" decoding=\"async\" class=\"size-full wp-image-6759 alignleft\" src=\"https:\/\/actio-catholica.hu\/wp-content\/uploads\/2023\/11\/Note.png\" alt=\"\" width=\"300\" height=\"168\" \/>A n\u00e9met p\u00fcsp\u00f6k\u00f6k egy\u00e9rtelm\u0171 \u00fczenetet kaptak Pietro Parolin b\u00edboros \u00e1llamtitk\u00e1rt\u00f3l, miszerint a Vatik\u00e1n a n\u00e9met p\u00fcsp\u00f6k\u00f6k k\u00fcld\u00f6tts\u00e9g\u00e9vel folytatand\u00f3 k\u00f6zelg\u0151 t\u00e1rgyal\u00e1sokon sem az &#8220;<em>Ordinatio Sacerdotalis<\/em>&#8221; c\u00edm\u0171 lev\u00e9lr\u0151l, amelyben II. J\u00e1nos P\u00e1l p\u00e1pa 1994-ben meger\u0151s\u00edtette a n\u0151k kiz\u00e1r\u00e1s\u00e1t a papp\u00e1 szentel\u00e9sb\u0151l, sem az egyh\u00e1z homoszexualit\u00e1sr\u00f3l sz\u00f3l\u00f3 tan\u00edt\u00e1s\u00e1r\u00f3l nem k\u00edv\u00e1n t\u00e1rgyalni. A n\u00e9met p\u00fcsp\u00f6k\u00f6k f\u0151titk\u00e1r\u00e1nak, Beate Gilles-nek c\u00edmzett, okt\u00f3ber 23-\u00e1n kelt level\u00e9ben, amelyet szerkeszt\u0151s\u00e9g\u00fcnk rendelkez\u00e9s\u00e9re bocs\u00e1tott, Parolin pontos\u00edtja a zsinati \u00fatr\u00f3l sz\u00f3l\u00f3 n\u00e9met-r\u00f3mai dial\u00f3gusfordul\u00f3 menet\u00e9t \u00e9s tartalm\u00e1t.<\/p>\n<p>J\u00faliusban t\u00f6bb dikaszt\u00e9rium vezet\u0151je el\u0151sz\u00f6r tal\u00e1lkozott a n\u00e9met p\u00fcsp\u00f6k\u00f6k k\u00e9pvisel\u0151ivel, hogy megvitass\u00e1k a zsinati utat. Okt\u00f3berben a glob\u00e1lis szin\u00f3dus n\u00e9met r\u00e9sztvev\u0151i &#8211; Georg B\u00e4tzing p\u00fcsp\u00f6k, Felix Genn p\u00fcsp\u00f6k, Bertram Meier p\u00fcsp\u00f6k, Stefan Oster p\u00fcsp\u00f6k, Franz-Josef Overbeck p\u00fcsp\u00f6k &#8211; \u00e9s a N\u00e9met P\u00fcsp\u00f6ki Konferencia f\u0151titk\u00e1ra, Beate Gilles \u00fajabb tal\u00e1lkoz\u00f3t tartottak t\u00f6bb dikaszt\u00e9rium vezet\u0151j\u00e9vel. Ezeket a megbesz\u00e9l\u00e9seket a k\u00f6vetkez\u0151 \u00e9vben folytatni fogj\u00e1k.<\/p><\/div>\n<div dir=\"auto\">\u00a0<\/div>\n<h3 dir=\"auto\" style=\"text-align: justify;\">Tal\u00e1lkoz\u00f3k a p\u00fcsp\u00f6k\u00f6k k\u00e9pvisel\u0151ivel 2024 janu\u00e1rj\u00e1ban, \u00e1prilis\u00e1ban \u00e9s j\u00fanius\u00e1ban.<\/h3>\n<div dir=\"auto\">\u00a0<\/div>\n<div dir=\"auto\" style=\"text-align: justify;\">A Hitoktat\u00e1si, a Kereszt\u00e9ny Egys\u00e9g el\u0151mozd\u00edt\u00e1s\u00e1\u00e9rt, a P\u00fcsp\u00f6ki, az Istentiszteleti \u00e9s Szents\u00e9gi Fegyelmi, valamint a T\u00f6rv\u00e9nyhoz\u00e1si Sz\u00f6vegek\u00e9rt felel\u0151s dikaszt\u00e9riumok vezet\u0151i 2024 janu\u00e1rj\u00e1ban, \u00e1prilis\u00e1ban \u00e9s j\u00fanius\u00e1ban tal\u00e1lkozni akarnak a n\u00e9met p\u00fcsp\u00f6k\u00f6k k\u00e9pvisel\u0151ivel, hogy megvitass\u00e1k, mi az, ami az egyh\u00e1z tan\u00edt\u00e1s\u00e1ban \u00e9s fegyelm\u00e9ben megv\u00e1ltoztathatatlan, \u00e9s mi az, ami megv\u00e1ltoztathat\u00f3.<\/p>\n<\/div>\n<div dir=\"auto\" style=\"text-align: justify;\">A megvitatand\u00f3 t\u00e9m\u00e1k k\u00f6z\u00f6tt szerepel az ekkleziol\u00f3gia, az antropol\u00f3gia, az erk\u00f6lcstan \u00e9s a liturgia, valamint a Zsinati \u00dat vonatkoz\u00f3 sz\u00f6vegei. Az al\u00e1bbiakban dokument\u00e1ljuk az okt\u00f3ber 23-i feljegyz\u00e9st, amely a Hittani Kongreg\u00e1ci\u00f3 javaslat\u00e1t jelenti, amelyet a fent eml\u00edtett dikaszt\u00e9riumok vezet\u0151i j\u00f3v\u00e1hagytak. A feljegyz\u00e9s minden n\u00e9met egyh\u00e1zmegy\u00e9s p\u00fcsp\u00f6k \u00e9s e szerkeszt\u0151s\u00e9g rendelkez\u00e9s\u00e9re \u00e1ll, \u00e9s a fent eml\u00edtett vatik\u00e1ni megbesz\u00e9l\u00e9sek alapj\u00e1t k\u00e9pezi. [Die Tagespost]<\/div>\n<h2 dir=\"auto\" style=\"text-align: center;\">\n* * * * *<\/h2>\n<div dir=\"auto\">\u00a0<\/div>\n<h4 dir=\"auto\">Az \u00e1llamtitk\u00e1rs\u00e1g 2023. okt\u00f3ber 23-i keltez\u00e9s\u0171 feljegyz\u00e9se:<\/h4>\n<div dir=\"auto\">\u00a0<\/div>\n<div dir=\"auto\" style=\"text-align: justify;\">Tekintettel a n\u00e9met zsinati \u00fat eddigi menet\u00e9re, el\u0151sz\u00f6r is szem el\u0151tt kell tartani, hogy jelenleg egy egyetemes zsinati \u00fat zajlik, amelyet a Szentatya h\u00edvott \u00f6ssze. Ez\u00e9rt tiszteletben kell tartani az egyetemes Egyh\u00e1znak ezt az \u00fatj\u00e1t, \u00e9s el kell ker\u00fclni azt a benyom\u00e1st, hogy olyan p\u00e1rhuzamos kezdem\u00e9nyez\u00e9sek zajlanak, amelyek k\u00f6z\u00f6mb\u00f6sek az &#8220;egy\u00fctt utaz\u00e1sra&#8221; ir\u00e1nyul\u00f3 t\u00f6rekv\u00e9ssel szemben.<\/div>\n<div dir=\"auto\" style=\"text-align: justify;\">\nEbben a tekintetben \u00e9rdemes feleleven\u00edteni a Szentatya n\u00e9h\u00e1ny szav\u00e1t, amelyet a n\u00e9metorsz\u00e1gi Isten n\u00e9p\u00e9hez int\u00e9zett:<\/div>\n<blockquote>\n<div dir=\"auto\" style=\"text-align: justify;\">&#8220;Testv\u00e9rek, gondoskodjunk egym\u00e1sr\u00f3l! \u00d3vakodjunk a hazugs\u00e1g \u00e9s a megosztotts\u00e1g atyj\u00e1nak, a skizma mester\u00e9nek k\u00eds\u00e9rt\u00e9s\u00e9t\u0151l, aki egy l\u00e1tsz\u00f3lagos j\u00f3 vagy egy adott helyzetre adott v\u00e1lasz keres\u00e9s\u00e9nek hajt\u00e1s\u00e1ban v\u00e9g\u00fcl feldarabolja Isten szent \u00e9s h\u0171s\u00e9ges n\u00e9p\u00e9nek test\u00e9t&#8221;. 1<\/div>\n<\/blockquote>\n<div dir=\"auto\" style=\"text-align: justify;\">Tiszteletben tartva a n\u00e9metorsz\u00e1gi egyh\u00e1z egyes tagjainak aggodalmait, &#8220;<em>sz\u00e9les\u00edtj\u00fck a s\u00e1trat<\/em>&#8220;, hogy folytassuk a m\u00e1r megkezdett p\u00e1rbesz\u00e9det, abban a rem\u00e9nyben, hogy azt a tisztelet \u00e9s a testv\u00e9ri szeretet fogja jellemezni, figyelembe v\u00e9ve a javaslatokat \u00f6sszefoglal\u00f3 dokumentumokban bemutatott k\u00e9rd\u00e9seket.<\/div>\n<div dir=\"auto\" style=\"text-align: justify;\">\u00a0<\/div>\n<div dir=\"auto\" style=\"text-align: justify;\">Azonban m\u00e1r az elej\u00e9n vil\u00e1goss\u00e1 kell tenni, hogy ezek a k\u00e9rd\u00e9sek k\u00fcl\u00f6nb\u00f6z\u0151 jelent\u0151s\u00e9g\u0171ek, \u00e9s nem lehet mindegyiket egy szintre helyezni. N\u00e9melyiknek vannak olyan aspektusai, amelyeket nem lehet vit\u00e1ra bocs\u00e1tani, de olyanok is, amelyek k\u00f6z\u00f6s, m\u00e9lyrehat\u00f3 megbesz\u00e9l\u00e9s t\u00e1rgy\u00e1t k\u00e9pezhetik. M\u00e1sok tekintet\u00e9ben azonban nincs lehet\u0151s\u00e9g elt\u00e9r\u0151 \u00e9rt\u00e9kel\u00e9sre jutni, mint p\u00e9ld\u00e1ul a k\u00f6vetkez\u0151k:<\/div>\n<div dir=\"auto\">\u00a0<\/div>\n<div dir=\"auto\" style=\"padding-left: 40px;\">(a) A f\u00e9rfiak sz\u00e1m\u00e1ra fenntartott papp\u00e1 szentel\u00e9s:<\/div>\n<div dir=\"auto\">\u00a0<\/div>\n<div dir=\"auto\" style=\"text-align: justify;\">&#8220;<em>B\u00e1r a csak f\u00e9rfiaknak fenntartott papp\u00e1 szentel\u00e9s tan\u00edt\u00e1s\u00e1t az Egyh\u00e1z \u00e1lland\u00f3 \u00e9s \u00e1tfog\u00f3 hagyom\u00e1nya meg\u0151rizte \u00e9s a k\u00f6zelm\u00falt dokumentumaiban a Tan\u00edt\u00f3hivatal k\u00f6vetkezetesen tan\u00edtotta, napjainkban m\u00e9gis k\u00fcl\u00f6nb\u00f6z\u0151 helyeken vitathat\u00f3nak tartj\u00e1k, vagy pedig az Egyh\u00e1z azon d\u00f6nt\u00e9s\u00e9nek, hogy a n\u0151ket nem engedi be erre a felszentel\u00e9sre, csup\u00e1n fegyelmi jelent\u0151s\u00e9get tulajdon\u00edtanak. Hogy minden k\u00e9ts\u00e9get eloszlassunk ebben a fontos k\u00e9rd\u00e9sben, amely mag\u00e1t az Egyh\u00e1z isteni alkotm\u00e1ny\u00e1t \u00e9rinti, a testv\u00e9reket meger\u0151s\u00edt\u0151 hivatalomn\u00e1l fogva (v\u00f6. Lk 22,32) kijelentem, hogy az Egyh\u00e1znak semmif\u00e9le felhatalmaz\u00e1sa nincs arra, hogy n\u0151ket papp\u00e1 szenteljen, \u00e9s hogy az Egyh\u00e1z minden h\u00edv\u0151j\u00e9nek v\u00e9glegesen ragaszkodnia kell ehhez a d\u00f6nt\u00e9shez.<\/em>&#8220;. 2<\/div>\n<div dir=\"auto\">\u00a0<\/div>\n<h4 dir=\"auto\">Ferenc p\u00e1pa t\u00f6bbsz\u00f6r is kifejezetten meger\u0151s\u00edtette II.<\/h4>\n<div dir=\"auto\">P\u00e9ld\u00e1ul:<\/div>\n<blockquote>\n<div dir=\"auto\">A n\u0151k papp\u00e1 szentel\u00e9s\u00e9vel kapcsolatban az Egyh\u00e1z megsz\u00f3lalt, \u00e9s azt mondja: &#8220;A n\u0151k papp\u00e1 szentel\u00e9s\u00e9vel kapcsolatban az Egyh\u00e1z sz\u00f3lt, \u00e9s azt mondja: &#8220;A n\u0151k papp\u00e1 szentel\u00e9s\u00e9vel kapcsolatban az Egyh\u00e1z sz\u00f3lt: Nem &#8211; mondta Szent J\u00e1nos P\u00e1l, de hat\u00e1rozottan. Ez az ajt\u00f3 z\u00e1rva van&#8221; 3<\/p>\n<\/div>\n<div dir=\"auto\">&#8220;Ami a n\u0151k katolikus egyh\u00e1zban t\u00f6rt\u00e9n\u0151 papp\u00e1 szentel\u00e9s\u00e9t illeti, II. Szent J\u00e1nos P\u00e1l kimondta az utols\u00f3 egy\u00e9rtelm\u0171 sz\u00f3t, \u00e9s ez megmaradt. Ez \u00e9rv\u00e9nyes.&#8221; 4<\/p>\n<\/div>\n<div dir=\"auto\">&#8220;Ez nem dogmatikus meghat\u00e1roz\u00e1s, b\u00e1r mindenkinek el kell fogadnia. Senki sem mondhat nyilv\u00e1nosan ellent neki.&#8221; 5<\/div>\n<\/blockquote>\n<div dir=\"auto\" style=\"text-align: justify;\">Egy k\u00f6telez\u0151 \u00e9rv\u00e9ny\u0171 d\u00f6nt\u00e9ssel \u00e1llunk szemben, amely a p\u00e1pa joghat\u00f3s\u00e1ga al\u00e1 is tartozik, pontos fegyelmi k\u00f6vetkezm\u00e9nyekkel, amelyeket a Hittani Kongreg\u00e1ci\u00f3nak fenntartott v\u00e9ts\u00e9gekre vonatkoz\u00f3 norm\u00e1k tartalmaznak (2021. okt\u00f3ber 11.):<\/div>\n<div dir=\"auto\" style=\"text-align: justify;\">\nArt. 5.<\/div>\n<div dir=\"auto\">\u00a0<\/div>\n<div dir=\"auto\" style=\"text-align: justify;\">A Hittani Kongreg\u00e1ci\u00f3 fenntartja a s\u00falyosabb b\u0171ncselekm\u00e9nyt, a n\u0151 felszentel\u00e9s\u00e9nek k\u00eds\u00e9rlet\u00e9t is:<\/div>\n<ol>\n<li dir=\"auto\">Ha a szentt\u00e9 avat\u00e1st megk\u00eds\u00e9rl\u0151 szem\u00e9ly vagy a szentt\u00e9 avat\u00e1st megk\u00eds\u00e9rl\u0151 n\u0151 a CIC al\u00e1 tartoz\u00f3 Krisztus-h\u00edv\u0151k, b\u00fcntet\u0151jogi v\u00e9ts\u00e9gk\u00e9nt ki\u00e1tkoz\u00e1ssal s\u00fajthat\u00f3k, amelynek felold\u00e1sa az Apostoli Sz\u00e9knek van fenntartva a can. 1379 \u00a7 3 CIC az Apostoli Szentsz\u00e9knek van fenntartva.<\/li>\n<li dir=\"auto\">Ha azonban a szentt\u00e9 avat\u00e1st k\u00e9r\u0151 szem\u00e9ly vagy a szentt\u00e9 avat\u00e1st k\u00e9r\u0151 n\u0151 a CCEO al\u00e1 tartoz\u00f3 kereszt\u00e9ny h\u00edvek tagjai, akkor s\u00falyos kik\u00f6z\u00f6s\u00edt\u00e9ssel b\u00fcntetend\u0151k, amelynek felold\u00e1sa az Apostoli Szentsz\u00e9knek van fenntartva.<\/li>\n<\/ol>\n<div dir=\"auto\" style=\"text-align: justify;\">B\u00e1r ma ezt a k\u00e9rd\u00e9st az eg\u00e9sz Egyh\u00e1zban lez\u00e1rtnak kell tekinteni, Ferenc Szentatya olyan elm\u00e9lked\u00e9st fogalmazott meg, amely seg\u00edt meg\u00e9rteni e tan\u00edt\u00e1s \u00e9rtelm\u00e9t, \u00e9s arra h\u00edv, hogy tal\u00e1ljunk m\u00e1s m\u00f3dokat a n\u0151k nagyobb r\u00e9szv\u00e9tel\u00e9nek el\u0151nyben r\u00e9szes\u00edt\u00e9s\u00e9re:<\/div>\n<blockquote>\n<div dir=\"auto\">&#8220;A n\u0151k t\u00f6rv\u00e9nyes jogainak k\u00f6vetel\u00e9se azon szil\u00e1rd meggy\u0151z\u0151d\u00e9s alapj\u00e1n, hogy a f\u00e9rfiak \u00e9s n\u0151k egyenl\u0151 m\u00e9lt\u00f3s\u00e1ggal rendelkeznek, m\u00e9ly k\u00e9rd\u00e9seket vet fel az Egyh\u00e1z sz\u00e1m\u00e1ra, amelyek kih\u00edv\u00e1st jelentenek sz\u00e1m\u00e1ra, \u00e9s amelyeket nem lehet fel\u00fcletesen megker\u00fclni. A f\u00e9rfiak sz\u00e1m\u00e1ra fenntartott paps\u00e1g, mint Krisztus, a V\u0151leg\u00e9ny jele, aki az Euchariszti\u00e1ban \u00f6nmag\u00e1t adja, olyan k\u00e9rd\u00e9s, amely nem vita t\u00e1rgya, de saj\u00e1tos konfliktusokra adhat okot, ha a szents\u00e9gi tekint\u00e9lyt t\u00fals\u00e1gosan \u00f6sszekeverik a hatalommal.<\/p>\n<\/div>\n<div dir=\"auto\">&#8220;Nem szabad elfelejten\u00fcnk, hogy amikor papi tekint\u00e9lyr\u0151l besz\u00e9l\u00fcnk, &#8220;a funkci\u00f3 szintj\u00e9n vagyunk, nem pedig a m\u00e9lt\u00f3s\u00e1g \u00e9s a szents\u00e9g szintj\u00e9n&#8221;.<\/div>\n<div dir=\"auto\">\n&#8220;A szolg\u00e1lati paps\u00e1g egyike azoknak az eszk\u00f6z\u00f6knek, amelyekkel J\u00e9zus szolg\u00e1lja n\u00e9p\u00e9t, de a nagy m\u00e9lt\u00f3s\u00e1got a kereszts\u00e9g adja, amely mindenki sz\u00e1m\u00e1ra el\u00e9rhet\u0151. A papnak Krisztushoz, a F\u0151h\u00f6z &#8211; vagyis a kegyelem f\u0151 forr\u00e1s\u00e1hoz &#8211; val\u00f3 hasonul\u00e1sa nem jelent olyan emelkedetts\u00e9get, amely \u0151t a t\u00f6bbiek \u00e9l\u00e9re helyezi. Az Egyh\u00e1zban a funkci\u00f3k nem alapozz\u00e1k meg &#8220;egyesek fels\u0151bbrend\u0171s\u00e9g\u00e9t m\u00e1sok f\u00f6l\u00f6tt&#8221;. Val\u00f3j\u00e1ban egy n\u0151, M\u00e1ria, fontosabb, mint az \u00f6sszes p\u00fcsp\u00f6k. M\u00e9g ha a szolg\u00e1lati paps\u00e1g funkci\u00f3j\u00e1t &#8220;hierarchikusnak&#8221; is \u00e9rtelmezz\u00fck, nem szabad elfelejteni, hogy az &#8220;teljes eg\u00e9sz\u00e9ben Krisztus tagjainak szents\u00e9g\u00e9t szolg\u00e1lja&#8221;. Sarkalatos pontja nem az uralomk\u00e9nt \u00e9rtett hatalma, hanem az Eucharisztia szents\u00e9g\u00e9nek kiszolg\u00e1ltat\u00e1s\u00e1ra val\u00f3 felhatalmaz\u00e1sa; ez a hatalm\u00e1nak alapja, amely mindig a n\u00e9p szolg\u00e1lat\u00e1t jelenti. Ez nagy kih\u00edv\u00e1s a lelkip\u00e1sztorok \u00e9s a teol\u00f3gusok sz\u00e1m\u00e1ra, akik seg\u00edthetnek jobban felismerni, hogy ez mit jelent a n\u0151k lehets\u00e9ges szerep\u00e9t illet\u0151en az Egyh\u00e1z k\u00fcl\u00f6nb\u00f6z\u0151 ter\u00fcletein, ahol fontos d\u00f6nt\u00e9sek sz\u00fcletnek.&#8221; 6<\/div>\n<\/blockquote>\n<div dir=\"auto\" style=\"padding-left: 40px; text-align: justify;\">b) Egy m\u00e1sik k\u00e9rd\u00e9s, amelyben a helyi egyh\u00e1znak nincs lehet\u0151s\u00e9ge arra, hogy m\u00e1s \u00e1ll\u00e1spontot k\u00e9pviseljen, a homoszexu\u00e1lis cselekm\u00e9nyekre vonatkozik. Mert m\u00e9g ha el is ismerj\u00fck, hogy szubjekt\u00edv szempontb\u00f3l lehetnek k\u00fcl\u00f6nb\u00f6z\u0151 t\u00e9nyez\u0151k, amelyek arra h\u00edvnak benn\u00fcnket, hogy ne \u00edt\u00e9lkezz\u00fcnk az emberek felett, ez semmik\u00e9ppen sem v\u00e1ltoztat e cselekm\u00e9nyek objekt\u00edv erk\u00f6lcsis\u00e9g\u00e9nek \u00e9rt\u00e9kel\u00e9s\u00e9n.<\/div>\n<div dir=\"auto\">\u00a0<\/div>\n<div dir=\"auto\" style=\"text-align: justify;\">Az Egyh\u00e1z \u00e1lland\u00f3 tan\u00edt\u00e1sa hangs\u00falyozza, hogy &#8220;<em>az azonos nem\u0171 szem\u00e9lyek k\u00f6z\u00f6tti szexu\u00e1lis kapcsolatok objekt\u00edv erk\u00f6lcsi \u00e9rt\u00e9kel\u00e9se pontosan \u00e9s biztosan meg van hat\u00e1rozva. Egy m\u00e1sik k\u00e9rd\u00e9s, amelyr\u0151l itt nem esik sz\u00f3, az ilyen kapcsolatok szubjekt\u00edv erk\u00f6lcsi besz\u00e1m\u00edthat\u00f3s\u00e1g\u00e1nak m\u00e9rt\u00e9ke az egyes esetekben<\/em>&#8220;. 7<\/div>\n<div dir=\"auto\">\u00a0<\/div>\n<h4 dir=\"auto\" style=\"text-align: justify;\">A Vatik\u00e1nb\u00f3l, 2023. okt\u00f3ber 23.<\/p>\n<\/h4>\n<div dir=\"auto\">[Megjegyz\u00e9sek:]<\/div>\n<div dir=\"auto\">1 Ferenc p\u00e1pa, Lev\u00e9l a N\u00e9metorsz\u00e1gban \u00e9l\u0151 zar\u00e1ndok n\u00e9phez, 2019. j\u00fanius 29., 10. sz.<\/div>\n<div dir=\"auto\">2 Szent J\u00e1nos P\u00e1l apostoli buzd\u00edt\u00e1s Ordinatio sacerdotalis a csak f\u00e9rfiaknak fenntartott papp\u00e1 szentel\u00e9sr\u0151l, 1994. m\u00e1jus 22., sz. 4.5<\/div>\n<div dir=\"auto\">3 Ferenc p\u00e1pa, A Rio de Janeir\u00f3-i ifj\u00fas\u00e1gi vil\u00e1gnapot k\u00f6vet\u0151 hazafel\u00e9 tart\u00f3 rep\u00fcl\u0151\u00fat sor\u00e1n tartott sajt\u00f3t\u00e1j\u00e9koztat\u00f3r\u00f3l (2013. j\u00falius 28.).<\/div>\n<div dir=\"auto\">4 Ferenc p\u00e1pa, A Szentatya v\u00e1lasz\u00e1b\u00f3l Anna Kristina Kappelinnek a Sveriges TV sz\u00e1m\u00e1ra a sv\u00e9dorsz\u00e1gi apostoli \u00fatr\u00f3l hazafel\u00e9 tart\u00f3 rep\u00fcl\u0151\u00fat sor\u00e1n adott v\u00e1lasz\u00e1b\u00f3l (2016. november 1.).<\/div>\n<div dir=\"auto\">5 Ferenc p\u00e1pa, A Szentatya &#8220;v\u00e1laszai&#8221; &#8220;k\u00e9t b\u00edboros k\u00e9telyeire&#8221; (2023. j\u00falius 1.).<\/div>\n<div dir=\"auto\">6 Ferenc p\u00e1pa, Evangelii gaudium c\u00edm\u0171 apostoli buzd\u00edt\u00e1s (2013. november 24.), 104. o.<\/div>\n<div dir=\"auto\">7 Hittani Kongreg\u00e1ci\u00f3, \u00c9rtes\u00edt\u00e9s P. Marciano Vidal C.S.R. egyes \u00edr\u00e1sair\u00f3l (2001. febru\u00e1r 22.).<\/div>\n","protected":false},"excerpt":{"rendered":"<p>Parolin \u00e1llamtitk\u00e1r t\u00f6rv\u00e9nyt szab a n\u00e9met egyh\u00e1znak: A katolikus tan\u00edt\u00e1s a homoszexualit\u00e1sr\u00f3l nem k\u00e9pezi vita t\u00e1rgy\u00e1t Pietro Parolin b\u00edboros \u00e1llamtitk\u00e1r arr\u00f3l t\u00e1j\u00e9koztatja a n\u00e9met p\u00fcsp\u00f6k\u00f6ket, hogy a f\u00e9rfiaknak fenntartott papp\u00e1 szentel\u00e9s \u00e9s az egyh\u00e1z homoszexualit\u00e1sr\u00f3l sz\u00f3l\u00f3 tan\u00edt\u00e1sa nem t\u00e1rgyalhat\u00f3 &#8211; n\u00e9met k\u00fcl\u00f6n \u00fat ez\u00e9rt<\/p>\n","protected":false},"author":3,"featured_media":5003,"comment_status":"closed","ping_status":"closed","sticky":false,"template":"","format":"standard","meta":{"h5ap_radio_sources":[],"footnotes":""},"categories":[1131],"tags":[116,438,668,44,719,486,293,688,657,54,187,55,348,686,51,78,61,349,115,47,52,294],"class_list":["post-6758","post","type-post","status-publish","format-standard","has-post-thumbnail","hentry","category-roratecaeli","tag-biblia","tag-biboros","tag-bun","tag-egyhaz","tag-eretnekseg","tag-erkolcs","tag-hagyomany","tag-homoszexualis","tag-homoszexualitas","tag-jezus","tag-katolikus","tag-krisztus","tag-liberalizmus","tag-lmbtq","tag-oszovetseg","tag-papa","tag-puspok","tag-satan","tag-szentiras","tag-tanitas","tag-ujszovetseg","tag-vallas"],"_links":{"self":[{"href":"https:\/\/actio-catholica.hu\/index.php\/wp-json\/wp\/v2\/posts\/6758","targetHints":{"allow":["GET"]}}],"collection":[{"href":"https:\/\/actio-catholica.hu\/index.php\/wp-json\/wp\/v2\/posts"}],"about":[{"href":"https:\/\/actio-catholica.hu\/index.php\/wp-json\/wp\/v2\/types\/post"}],"author":[{"embeddable":true,"href":"https:\/\/actio-catholica.hu\/index.php\/wp-json\/wp\/v2\/users\/3"}],"replies":[{"embeddable":true,"href":"https:\/\/actio-catholica.hu\/index.php\/wp-json\/wp\/v2\/comments?post=6758"}],"version-history":[{"count":4,"href":"https:\/\/actio-catholica.hu\/index.php\/wp-json\/wp\/v2\/posts\/6758\/revisions"}],"predecessor-version":[{"id":6763,"href":"https:\/\/actio-catholica.hu\/index.php\/wp-json\/wp\/v2\/posts\/6758\/revisions\/6763"}],"wp:featuredmedia":[{"embeddable":true,"href":"https:\/\/actio-catholica.hu\/index.php\/wp-json\/wp\/v2\/media\/5003"}],"wp:attachment":[{"href":"https:\/\/actio-catholica.hu\/index.php\/wp-json\/wp\/v2\/media?parent=6758"}],"wp:term":[{"taxonomy":"category","embeddable":true,"href":"https:\/\/actio-catholica.hu\/index.php\/wp-json\/wp\/v2\/categories?post=6758"},{"taxonomy":"post_tag","embeddable":true,"href":"https:\/\/actio-catholica.hu\/index.php\/wp-json\/wp\/v2\/tags?post=6758"}],"curies":[{"name":"wp","href":"https:\/\/api.w.org\/{rel}","templated":true}]}}