{"id":6983,"date":"2025-02-15T12:00:04","date_gmt":"2025-02-15T11:00:04","guid":{"rendered":"https:\/\/actio-catholica.hu\/?p=6983"},"modified":"2025-02-15T11:15:48","modified_gmt":"2025-02-15T10:15:48","slug":"a-valas-pestise","status":"publish","type":"post","link":"https:\/\/actio-catholica.hu\/index.php\/2025\/02\/15\/a-valas-pestise\/","title":{"rendered":"A v\u00e1l\u00e1s pestise"},"content":{"rendered":"<p><em>H\u00f3napok \u00f3ta \u00e9rlel\u0151dik bennem, hogy \u00edrnom k\u00e9ne a v\u00e1l\u00e1sr\u00f3l. El\u00e9g sokkol\u00f3 szent\u00edr\u00e1si id\u00e9zetet tal\u00e1ltam hozz\u00e1? A bejegyz\u00e9s t\u00f6bbi r\u00e9sze is hasonl\u00f3 lesz. Elv\u00e1lt sz\u00fcl\u0151k gyerekek\u00e9nt azt tudom mondani a v\u00e1l\u00e1sr\u00f3l, hogy az a gyermekb\u00e1ntalmaz\u00e1s egyik legdurv\u00e1bb form\u00e1ja. \u00c9s csak akkor tudom elfogadni, ha egy m\u00e9g durv\u00e1bb b\u00e1ntalmaz\u00e1st\u00f3l szabad\u00edtja meg mag\u00e1t vagy a gyerekeit \u00e1ltala a sz\u00fcl\u0151. Minden m\u00e1s esetben az egyik legrosszabb dolognak tartom, amit valaki a gyerek\u00e9vel m\u0171velhet.<\/em><!--more--><\/p>\n<p><img loading=\"lazy\" decoding=\"async\" class=\"aligncenter size-full wp-image-6984\" src=\"https:\/\/actio-catholica.hu\/wp-content\/uploads\/2025\/02\/Valas_pestise.jpg\" alt=\"\" width=\"426\" height=\"371\" srcset=\"https:\/\/actio-catholica.hu\/wp-content\/uploads\/2025\/02\/Valas_pestise.jpg 426w, https:\/\/actio-catholica.hu\/wp-content\/uploads\/2025\/02\/Valas_pestise-300x261.jpg 300w\" sizes=\"auto, (max-width: 426px) 100vw, 426px\" \/><\/p>\n<blockquote>\n<p>\u201eA v\u00e1ros utc\u00e1in b\u0171nh\u0151dik majd az ilyen, megkergetik, mint a csik\u00f3t, \u00e9s elkapj\u00e1k, ahol nem is gondolja, megsz\u00e9gyen\u00fcl majd mindenki el\u0151tt, mert nem gondolt az \u00dar f\u00e9lelm\u00e9vel.<\/p>\n<p>\u00cdgy j\u00e1r minden asszony is, aki elhagyja f\u00e9rj\u00e9t, \u00e9s h\u00e1zass\u00e1gt\u00f6r\u00e9sb\u0151l \u00e1ll\u00edt \u00f6r\u00f6k\u00f6st, el\u0151sz\u00f6r az\u00e9rt, mert engedetlen volt a F\u00f6ls\u00e9ges t\u00f6rv\u00e9nye ir\u00e1nt, m\u00e1sodszor, mert f\u00e9rje ellen v\u00e9tett, harmadszor, mert h\u00e1zass\u00e1got t\u00f6rve buj\u00e1lkodott, \u00e9s m\u00e1s f\u00e9rfit\u0151l szerzett mag\u00e1nak gyermekeket.<\/p>\n<p>A k\u00f6z\u00f6ss\u00e9g el\u00e9 vezetik az ilyet, \u00e9s gyermekei megszenvednek \u00e9rte.<\/p>\n<p>Nem hajtanak gy\u00f6keret gyermekei, \u00e9s \u00e1gai nem teremnek gy\u00fcm\u00f6lcs\u00f6t, \u00e1tokk\u00e9nt hagyja eml\u00e9k\u00e9t, \u00e9s nem lehet elt\u00f6r\u00f6lni gyal\u00e1zat\u00e1t.&#8221;<\/p>\n<p style=\"text-align: right;\">(S\u00edr 23,30-36)<\/p>\n<\/blockquote>\n<p>Igaz\u00e1b\u00f3l j\u00f3 dr\u00e1mai sz\u00edn\u00e9szn\u0151 lehetn\u00e9k, mert van k\u00e9t dolog, amire ha gondolok, biztos lehetek benne, hogy els\u00edrom magam. Az egyik a vet\u00e9l\u00e9sem, a m\u00e1sik a sz\u00fcleim v\u00e1l\u00e1sa. Ha arra gondolok, hogy elv\u00e1ltak a sz\u00fcleim, akkor m\u00e9rhetetlen k\u00e9ts\u00e9gbees\u00e9st \u00e9s f\u00e1jdalmat \u00e9rzek a lelkemben, egy olyan terhet, amelyet k\u00e9ptelen vagyok elhordozni. S\u00edrnom kell \u00e9s remegek. Olyan, mintha az elkesered\u00e9s fizik\u00e1lisan is \u00f6ssze akarna roppantani. Pedig az \u00e9n sz\u00fcleim \u00fagymond sz\u00e9pen v\u00e1ltak el.<\/p>\n<p style=\"text-align: justify;\">Az a megd\u00f6bbent\u0151, hogy 2005 \u00f3ta m\u00e1r az is b\u0171ncselekm\u00e9nynek sz\u00e1m\u00edt, ha valaki r\u00e1csap a gyereke kez\u00e9re, de v\u00e1lni szabad. \u00c9n \u00e9letemben egyszer kaptam pofont anyuk\u00e1mt\u00f3l, de nem tekintem b\u00e1ntalmaz\u00e1snak, szerintem meg\u00e9rdemeltem. Kaphattam volna t\u00f6bbet is, amikor szemtelen \u00e9s engedetlen voltam. Viszont a v\u00e1l\u00e1st, ami nem b\u0171ncselekm\u00e9ny, ami nem sz\u00e1m\u00edt gyermekb\u00e1ntalmaz\u00e1snak, azt annak tartom.<\/p>\n<p style=\"text-align: justify;\">Szokt\u00e1k mondani, hogy jobb a gyereknek, ha elv\u00e1lnak a sz\u00fclei, minthogy egym\u00e1st\u00f3l elhideg\u00fclt vagy folyton veszeked\u0151 sz\u00fcl\u0151kkel \u00e9ljen. \u00c9n ezt nem gondolom \u00edgy. K\u00fcl\u00f6nben is, mi\u00e9rt csak az a k\u00e9t lehet\u0151s\u00e9g \u00e1ll fenn, hogy a sz\u00fcl\u0151knek rossz a viszonya vagy elv\u00e1lnak? L\u00e9tezik egy harmadik is: az, hogy rendbe hozz\u00e1k a kapcsolatukat. Feln\u0151tt emberekr\u0151l van sz\u00f3, akik k\u00e9pesek eld\u00f6nteni, hogy viselkednek egym\u00e1ssal \u00e9s mit v\u00e1rnak el egym\u00e1st\u00f3l.<\/p>\n<p style=\"text-align: justify;\">Eml\u00e9kszem gyerekkoromb\u00f3l egy gondolatomra. Ment valami ny\u00e1las sz\u00e1m a r\u00e1di\u00f3ban arr\u00f3l, hogy szak\u00edtott az \u00e9nekes a szerelm\u00e9vel (a 90-es \u00e9vek igazi zenei m\u00e9lypont volt), \u00e9s \u00e9n arra gondoltam, milyen j\u00f3, hogy az \u00e9n sz\u00fcleimmel ez sosem fog megt\u00f6rt\u00e9nni. Ez a gondolat biztons\u00e1got adott \u00e9s nagy \u00f6r\u00f6met.<\/p>\n<p style=\"text-align: justify;\">T\u00e9vedtem.<\/p>\n<p style=\"text-align: justify;\">Amikor a sz\u00fcleid elv\u00e1lnak, sz\u00e9thullik k\u00f6r\u00fcl\u00f6tted a vil\u00e1g. Minden bizonytalann\u00e1 v\u00e1lik. Azt \u00e9rzed, hogy v\u00e9dtelen vagy. Ha m\u00e1r a csal\u00e1dom se biztos, mi lehet az?<\/p>\n<p style=\"text-align: justify;\">Amikor a sz\u00fcleid elv\u00e1lnak, onnant\u00f3l nincs ap\u00e1d. Persze lehet, hogy h\u00e9tv\u00e9gente egy\u00fctt vagytok, de az nem olyan, mintha apuk\u00e1d lenne, hanem olyan, mintha egy j\u00f3 fej nagyb\u00e1csid. \u00d6sszehasonl\u00edthatatlan a kett\u0151.\u00a0<\/p>\n<p style=\"text-align: justify;\">Amikor a sz\u00fcleid elv\u00e1lnak, minden \u00f6sszekusz\u00e1l\u00f3dik benned. Mert v\u00e9gtelen\u00fcl szereted \u0151ket \u00e9s megb\u00edzol a sz\u00fcleidben, \u00e9s abban lubickolsz, hogy \u0151k is ennyire szeretnek t\u00e9ged, de k\u00f6zben ott van annak a t\u00e9nye, hogy az egyik sz\u00fcl\u0151d sz\u00e9tverte az \u00e9letedet csak az\u00e9rt, mert elkezdett vonz\u00f3dni valaki m\u00e1shoz, vagy mert \u00e1lland\u00f3an j\u00e1tszotta a s\u00e9rt\u0151d\u00f6tt m\u00e1rt\u00edrt a h\u00e1zast\u00e1rs\u00e1val szemben, aki nem el\u00e9g\u00edti ki az \u00e9rzelmi ig\u00e9nyeit. Sokkol\u00f3, mikor az egyik sz\u00fcl\u0151dnek a saj\u00e1t \u00e9rz\u00e9sei fontosabbak, mint te, a gyereke. Ez igaz\u00e1b\u00f3l felfoghatatlan \u00e9s feldolgozhatatlan.<\/p>\n<p style=\"text-align: justify;\">Sz\u00e1momra az egyik legfontosabb dolog az \u00e9letemben, hogy ne v\u00e1ljak el. De igaz\u00e1b\u00f3l nem csup\u00e1n ennyi. Nem csak \u00f6sszeszor\u00edtott fogakkal, k\u00f6teless\u00e9gb\u0151l akarok egy\u00fctt maradni a f\u00e9rjemmel, hanem boldog, harmonikus, p\u00e9lda\u00e9rt\u00e9k\u0171 h\u00e1zass\u00e1gban szeretn\u00e9k \u00e9lni. Szeretn\u00e9m, ha a f\u00e9rjem boldog lenne mellettem \u00e9s a gyerekeink egy j\u00f3 h\u00e1zass\u00e1g biztons\u00e1g\u00e1ban n\u0151n\u00e9nek fel \u00e9s ezt a mint\u00e1t vihetn\u00e9k magukkal a feln\u0151tt \u00e9let\u00fckbe.\u00a0<\/p>\n<p style=\"text-align: justify;\">Nagyon h\u00e1l\u00e1s vagyok Istennek az\u00e9rt, hogy megismerhettem \u00e9s \u00e9letre v\u00e1lthattam az \u0150 tan\u00edt\u00e1s\u00e1t arr\u00f3l, hogy lehetek j\u00f3 feles\u00e9g. Szeretn\u00e9k err\u0151l tanulni nap mint nap \u00e9s folyamatosan v\u00e1ltozni j\u00f3 ir\u00e1nyba. H\u00e1l\u00e1s vagyok, hogy megtan\u00edtott r\u00e1, hogy ne az \u00e9rz\u00e9seimmel foglalkozzak \u00e1lland\u00f3an \u00e9s ne elv\u00e1r\u00e1sokkal bomb\u00e1zzam a f\u00e9rjemet, hanem azzal t\u00f6r\u0151djek, hogy szeretetet adjak neki \u2013 \u00e9s tiszteletet! Elk\u00e9peszt\u0151 volt r\u00e1j\u00f6nn\u00f6m, hogy mennyi mindennel megb\u00e1ntom a f\u00e9rjemet, hogy milyen tiszteletlen vagyok vele szemben, amikor \u00f6szt\u00f6nszer\u0171en az a feminista program fut bennem, amit magam k\u00f6r\u00fcl l\u00e1ttam \u00e9s ami folyamatosan \u00f6ml\u00f6tt r\u00e1m a m\u00e9di\u00e1b\u00f3l. Azt hittem, fantasztikus kereszt\u00e9ny feles\u00e9g vagyok, \u00e9s nem \u00e9rtettem, mi a baja velem a f\u00e9rjemnek, mi\u00e9rt nem h\u00e1l\u00e1s \u00e9rtem, mi\u00e9rt m\u00e9rges r\u00e1m folyton. Azt\u00e1n elolvastam <i>Dr. Emerson Eggerichs Szeretet &amp; Tisztelet<\/i> c. k\u00f6nyv\u00e9t \u00e9s r\u00e1d\u00f6bbentem, hogy feles\u00e9gk\u00e9nt nem csillagos \u00f6t\u00f6st \u00e9rdemlek, hanem kettes al\u00e1t. Hogy nem a f\u00e9rjem az \u00e9rzelmi b\u00e1ntalmaz\u00f3, hanem \u00e9n, \u0151 csak az \u00e1ltalam fel sem fogott tiszteletlens\u00e9geimre reag\u00e1l \u00edgy. (Egy f\u00e9rfi \u2013 temperamentumt\u00f3l f\u00fcgg\u0151en \u2013 vagy n\u00e9ma t\u00e1vols\u00e1gtart\u00e1ssal, vagy haragos ellen\u00e1ll\u00e1ssal reag\u00e1l a tisztetlens\u00e9gre.)<\/p>\n<p style=\"text-align: justify;\">Az\u00f3ta sok remek anyag ker\u00fclt el\u00e9m, a kedvencem <i>Debi Pear<\/i>lt\u0151l a <i>Created To Be His Help Meet.<\/i> Nagyon sokat v\u00e1ltoztam, \u00e9s ennek hat\u00e1s\u00e1ra azt tudom mondani, hogy 12 \u00e9v ut\u00e1n is szerelmesek vagyunk egym\u00e1ssal a f\u00e9rjembe \u00e9s boldogok vagyunk a h\u00e1zass\u00e1gunkban. \u00c9n nagyon feln\u00e9zek r\u00e1 \u00e9s \u00fagy gondolom, \u0151 a legnagyszer\u0171bb f\u00e9rfi, akit ismerek. Megr\u00e1z\u00f3 \u00e9lm\u00e9ny visszagondolnom a h\u00e1zass\u00e1gunk els\u0151 \u00e9veire, hogy a Gonosz mennyire el tudta torz\u00edtani azt, ahogy a f\u00e9rjemet l\u00e1tom, \u00e9s mennyire \u00f6nz\u0151 voltam, s\u00e9rt\u0151d\u00e9keny, tiszteletlen \u2013 \u00e9s k\u00f6zben azt hittem, hogy a f\u00e9rjem a hib\u00e1s minden rossz\u00e9rt a h\u00e1zass\u00e1gunkban, mert hiszen \u00e9n csod\u00e1latos vagyok! Vajon h\u00e1ny feles\u00e9gnek van m\u00e9g ennyire torz \u00e9nk\u00e9pe?!<\/p>\n<p style=\"text-align: justify;\">A v\u00e1l\u00e1s nem megold\u00e1s. Megold\u00e1s lehet arra, ha a f\u00e9rjed \u00fct-ver titeket, pedofil, drogos, s\u00falyosan alkoholista vagy durva szem\u00e9lyis\u00e9gzavara van. Akkor jobb k\u00fcl\u00f6n \u00e9lni. De a kisebb probl\u00e9m\u00e1kat meg lehet oldani. Azt, hogy id\u0151nk\u00e9nt b\u00e1nt\u00f3an besz\u00e9l veled, hogy szoktatok veszekedni, hogy kih\u0171lt a kapcsolat&#8230; ezek miatt nem kell elv\u00e1lni. Amiatt se kell, hogy \u201ebeleszerett\u00e9l&#8221; m\u00e1sba. Szak\u00edtsd meg vele a kapcsolatot \u00e9s k\u00e9rd Istent\u0151l, hogy vegye ki a sz\u00edvedb\u0151l az illet\u0151t, \u00e9s tanuld meg \u0151rizni a sz\u00edvedet (<a href=\"https:\/\/katolikusfeleseg.blogspot.com\/2019\/07\/van-baratsag-ferfi-es-no-kozott.html\" target=\"_blank\" rel=\"noopener\">ne bar\u00e1tkozz f\u00e9rfiakkal<\/a>).\u00a0<\/p>\n<p style=\"text-align: justify;\">Az\u00e9rt is neh\u00e9z a v\u00e1l\u00e1sr\u00f3l besz\u00e9lni, mert annyira elterjedt, term\u00e9szetess\u00e9 v\u00e1lt. Eml\u00e9kszem, nekem is azt mondta az anyuk\u00e1m, hogy nem nagy dolog, mert olyan sok m\u00e1s gyereknek is elv\u00e1ltak a sz\u00fclei. Pedig az! Borzalom! \u00c9s att\u00f3l, hogy m\u00e1sokat is ez a trauma \u00e9rt, m\u00e9g nem lesz kev\u00e9sb\u00e9 f\u00e1jdalmas \u00e9s k\u00e1ros. S\u0151t, m\u00e9g rosszabb, mert nem is fogjuk fel, hogy ez milyen megr\u00e1zk\u00f3dtat\u00e1s, ez\u00e9rt nem keress\u00fck a lelki gy\u00f3gyul\u00e1st, hiszen nem tudjuk, hogy van, amib\u0151l meg k\u00e9ne gy\u00f3gyulnunk.<\/p>\n<p style=\"text-align: justify;\">Sajnos mivel nem fogj\u00e1k fel az emberek, hogy mennyire rettenetes dolog a v\u00e1l\u00e1s, nem k\u00fczdenek meg a h\u00e1zass\u00e1guk\u00e9rt. De igaz\u00e1b\u00f3l az is a nagy probl\u00e9ma, hogy ha egy feles\u00e9g jobb\u00e1 is akarja tenni a h\u00e1zass\u00e1g\u00e1t, fogalma sincs, hogy k\u00e9ne azt tennie, mert alig van, aki tan\u00edt ilyesmir\u0151l. \u00c1ltal\u00e1ban csupa ostoba feminista bar\u00e1tn\u0151 \u00e9s rokon veszi k\u00f6r\u00fcl a bajba jutott feles\u00e9get, aki buta tan\u00e1csokkal t\u00f6mi a fej\u00e9t \u00e9s h\u00edzeleg neki. <i>\u00d3, jaj de sajn\u00e1llak, igen, rettenetes a f\u00e9rjed! \u00c1llj ki magad\u00e9rt, ne hagyd magad! Mutasd meg a f\u00e9rjednek, hogy veled \u00edgy nem lehet b\u00e1nni! Mondd el neki, mi a bajod! Adj neki ultim\u00e1tumot!<\/i> Az ilyen szavak csiklandozz\u00e1k a n\u0151 f\u00fcl\u00e9t, csak az a baj, hogy garanci\u00e1t jelentenek a v\u00e1l\u00e1sra. A kereszt\u00e9ny tan\u00e1csok pedig elmaradott, n\u0151gy\u0171l\u00f6l\u0151 gondolatoknak vannak b\u00e9lyegezve, amelyekt\u0151l biztos, hogy a feles\u00e9g elnyomott\u00e1 \u00e9s b\u00e1ntalmazott\u00e1 v\u00e1lik.<\/p>\n<p style=\"text-align: justify;\">Mit is mondhatn\u00e9k m\u00e9g? Csak az im\u00e1ban b\u00edzom. Abban, hogy akiknek valami fekete, s\u0171r\u0171 k\u00f6d sz\u00e1llt az elm\u00e9j\u00fckre \u00e9s valami igaz\u00e1n komoly, borzaszt\u00f3 ok n\u00e9lk\u00fcl v\u00e1l\u00e1son gondolkodnak, azok \u00e9szhez t\u00e9rnek \u00e9s elkezdik gyakorolni mindazt, amit Isten a feles\u00e9geknek tan\u00edt, \u00e9s nem teszik t\u00f6nkre a f\u00e9rj\u00fcket, magukat \u00e9s a gyerekeiket.<\/p>\n<blockquote>\n<p>\u201eA b\u00f6lcs n\u0151 fel\u00e9p\u00edti h\u00e1z\u00e1t, a balga pedig a fel\u00e9p\u00fcltet is lebontja kez\u00e9vel.&#8221;<\/p>\n<p style=\"text-align: right;\">(P\u00e9ld 14,1)<\/p>\n<\/blockquote>\n<p>Forr\u00e1s: katolikusfeleseg.blogspot.com<\/p>\n","protected":false},"excerpt":{"rendered":"<p>H\u00f3napok \u00f3ta \u00e9rlel\u0151dik bennem, hogy \u00edrnom k\u00e9ne a v\u00e1l\u00e1sr\u00f3l. El\u00e9g sokkol\u00f3 szent\u00edr\u00e1si id\u00e9zetet tal\u00e1ltam hozz\u00e1? A bejegyz\u00e9s t\u00f6bbi r\u00e9sze is hasonl\u00f3 lesz. Elv\u00e1lt sz\u00fcl\u0151k gyerekek\u00e9nt azt tudom mondani a v\u00e1l\u00e1sr\u00f3l, hogy az a gyermekb\u00e1ntalmaz\u00e1s egyik legdurv\u00e1bb form\u00e1ja. \u00c9s csak akkor tudom elfogadni, ha egy m\u00e9g durv\u00e1bb b\u00e1ntalmaz\u00e1st\u00f3l szabad\u00edtja meg mag\u00e1t vagy a gyerekeit \u00e1ltala a [&hellip;]<\/p>\n","protected":false},"author":3,"featured_media":6448,"comment_status":"closed","ping_status":"closed","sticky":false,"template":"","format":"standard","meta":{"h5ap_radio_sources":[],"footnotes":""},"categories":[1499],"tags":[116,668,486,102,293,1479,227,297,54,187,55,348,51,144,47,131,408,294],"class_list":["post-6983","post","type-post","status-publish","format-standard","has-post-thumbnail","hentry","category-katolikusfeleseg-blogspot-com","tag-biblia","tag-bun","tag-erkolcs","tag-evangelium","tag-hagyomany","tag-hazassag","tag-ii-vatikani-zsinat","tag-isten","tag-jezus","tag-katolikus","tag-krisztus","tag-liberalizmus","tag-oszovetseg","tag-szentlelek","tag-tanitas","tag-templom","tag-valas","tag-vallas"],"_links":{"self":[{"href":"https:\/\/actio-catholica.hu\/index.php\/wp-json\/wp\/v2\/posts\/6983","targetHints":{"allow":["GET"]}}],"collection":[{"href":"https:\/\/actio-catholica.hu\/index.php\/wp-json\/wp\/v2\/posts"}],"about":[{"href":"https:\/\/actio-catholica.hu\/index.php\/wp-json\/wp\/v2\/types\/post"}],"author":[{"embeddable":true,"href":"https:\/\/actio-catholica.hu\/index.php\/wp-json\/wp\/v2\/users\/3"}],"replies":[{"embeddable":true,"href":"https:\/\/actio-catholica.hu\/index.php\/wp-json\/wp\/v2\/comments?post=6983"}],"version-history":[{"count":1,"href":"https:\/\/actio-catholica.hu\/index.php\/wp-json\/wp\/v2\/posts\/6983\/revisions"}],"predecessor-version":[{"id":6985,"href":"https:\/\/actio-catholica.hu\/index.php\/wp-json\/wp\/v2\/posts\/6983\/revisions\/6985"}],"wp:featuredmedia":[{"embeddable":true,"href":"https:\/\/actio-catholica.hu\/index.php\/wp-json\/wp\/v2\/media\/6448"}],"wp:attachment":[{"href":"https:\/\/actio-catholica.hu\/index.php\/wp-json\/wp\/v2\/media?parent=6983"}],"wp:term":[{"taxonomy":"category","embeddable":true,"href":"https:\/\/actio-catholica.hu\/index.php\/wp-json\/wp\/v2\/categories?post=6983"},{"taxonomy":"post_tag","embeddable":true,"href":"https:\/\/actio-catholica.hu\/index.php\/wp-json\/wp\/v2\/tags?post=6983"}],"curies":[{"name":"wp","href":"https:\/\/api.w.org\/{rel}","templated":true}]}}