{"id":7074,"date":"2025-10-19T12:00:00","date_gmt":"2025-10-19T10:00:00","guid":{"rendered":"https:\/\/actio-catholica.hu\/?p=7074"},"modified":"2025-10-22T09:52:42","modified_gmt":"2025-10-22T07:52:42","slug":"muller-biboros-a-vilag-mai-dolgairol-es-az-iszlam-novekvo-fenyegeteserol","status":"publish","type":"post","link":"https:\/\/actio-catholica.hu\/index.php\/2025\/10\/19\/muller-biboros-a-vilag-mai-dolgairol-es-az-iszlam-novekvo-fenyegeteserol\/","title":{"rendered":"M\u00fcller b\u00edboros a vil\u00e1g mai dolgair\u00f3l \u00e9s az iszl\u00e1m n\u00f6vekv\u0151 fenyeget\u00e9s\u00e9r\u0151l"},"content":{"rendered":"<p>\u201e<em>Dogmatikus teol\u00f3gusk\u00e9nt nem akarok diplom\u00e1ciai lenni. A katolikus egyh\u00e1znak hirdetnie kell az igazs\u00e1got, de ellentmondania kell a hazugs\u00e1goknak is.<\/em>\u201d<\/p>\n<p style=\"text-align: justify;\"><!--more--><img loading=\"lazy\" decoding=\"async\" class=\"aligncenter size-large wp-image-7075\" src=\"https:\/\/actio-catholica.hu\/wp-content\/uploads\/2025\/10\/1dd375c1-f987-415c-9ef9-8c2a9f2e38d9_1582x1592-1018x1024.jpg\" alt=\"\" width=\"844\" height=\"849\" srcset=\"https:\/\/actio-catholica.hu\/wp-content\/uploads\/2025\/10\/1dd375c1-f987-415c-9ef9-8c2a9f2e38d9_1582x1592-1018x1024.jpg 1018w, https:\/\/actio-catholica.hu\/wp-content\/uploads\/2025\/10\/1dd375c1-f987-415c-9ef9-8c2a9f2e38d9_1582x1592-298x300.jpg 298w, https:\/\/actio-catholica.hu\/wp-content\/uploads\/2025\/10\/1dd375c1-f987-415c-9ef9-8c2a9f2e38d9_1582x1592-150x150.jpg 150w, https:\/\/actio-catholica.hu\/wp-content\/uploads\/2025\/10\/1dd375c1-f987-415c-9ef9-8c2a9f2e38d9_1582x1592-768x773.jpg 768w, https:\/\/actio-catholica.hu\/wp-content\/uploads\/2025\/10\/1dd375c1-f987-415c-9ef9-8c2a9f2e38d9_1582x1592-1526x1536.jpg 1526w, https:\/\/actio-catholica.hu\/wp-content\/uploads\/2025\/10\/1dd375c1-f987-415c-9ef9-8c2a9f2e38d9_1582x1592.jpg 1582w\" sizes=\"auto, (max-width: 844px) 100vw, 844px\" \/><\/p>\n<p style=\"text-align: justify;\">\u00a0<\/p>\n<p style=\"text-align: justify;\">\u00a0<\/p>\n<h1 style=\"text-align: center;\">1. r\u00e9sz<\/h1>\n<h2 style=\"text-align: center;\">M\u00fcller b\u00edboros Charlie Kirk-r\u0151l, az \u201eLGBT jubileumr\u00f3l\u201d \u00e9s az iszl\u00e1m n\u00f6vekv\u0151 fenyeget\u00e9s\u00e9r\u0151l<\/h2>\n<p style=\"text-align: justify;\">A k\u00e9tr\u00e9szes interj\u00fa els\u0151 r\u00e9sz\u00e9ben \u0150eminenci\u00e1ja reflekt\u00e1l a kereszt\u00e9ny konzervat\u00edv \u00e9s a <i>Turning Point USA<\/i> alap\u00edt\u00f3ja, Charlie Kirk brut\u00e1lis meggyilkol\u00e1s\u00e1ra, akit \u201eJ\u00e9zus Krisztus m\u00e1rt\u00edrj\u00e1nak\u201d nevez.<\/p>\n<p style=\"text-align: justify;\">Besz\u00e9l\u00fcnk tov\u00e1bb\u00e1 XIV. Le\u00f3 p\u00e1pa p\u00e1pas\u00e1g\u00e1nak els\u0151 h\u00f3napjair\u00f3l, valamint egy sor s\u00fcrget\u0151 k\u00e9rd\u00e9sr\u0151l, k\u00f6zt\u00fck az iszl\u00e1m n\u00f6vekv\u0151 fenyeget\u00e9s\u00e9r\u0151l, annak kapcsolat\u00e1r\u00f3l a mai radik\u00e1lis kereszt\u00e9nyellenes ideol\u00f3gi\u00e1kkal, \u00e9s a Vatik\u00e1n \u00e1ltal szentes\u00edtett, James Martin atya \u00e1ltal vezetett \u201eLGBT jubileumi zar\u00e1ndoklat\u201d k\u00f6r\u00fcli legut\u00f3bbi botr\u00e1nnyal.<\/p>\n<p style=\"text-align: justify;\">\u00cdme az interj\u00fa els\u0151 r\u00e9sze Gerhard M\u00fcller kardin\u00e1lissal.<\/p>\n<p style=\"text-align: center;\">***<\/p>\n<p><strong>Diane Montagna: Eminenci\u00e1s uram, \u00d6n j\u00f3l ismeri az Egyes\u00fclt \u00c1llamokat. Szeretne komment\u00e1lni Charlie Kirk meggyilkol\u00e1s\u00e1t?<\/strong><\/p>\n<p style=\"text-align: justify;\"><b>M\u00fcller b\u00edboros: <\/b>Charlie Kirk egy ateista ideol\u00f3gia \u00e1ldozata lett, amelynek k\u00f6vet\u0151i s\u00e1t\u00e1ni \u00fcnnepl\u00e9ssel reag\u00e1ltak egy p\u00e9ld\u00e1s f\u00e9rj \u00e9s csal\u00e1dapa sz\u00f6rny\u0171 meggyilkol\u00e1s\u00e1ra. Az \u00f6rd\u00f6g mindig azoknak a birtok\u00e1ba ker\u00fcl, akik gy\u0171l\u00f6lik az \u00e9letet \u00e9s az igazs\u00e1got. Hiszen J\u00e9zus Krisztus szavai szerint az \u00f6rd\u00f6g \u201egyilkos a kezdetekt\u0151l fogva\u201d \u00e9s \u201ea hazugs\u00e1g atyja\u201d (Jn 8,44). \u00c9s csak azok, akik hallgatnak Isten szav\u00e1ra, azok Isten\u00e9i (v\u00f6. Jn 8,47).<\/p>\n<p style=\"text-align: justify;\">Charlie Kirk j\u00e1mbor kereszt\u00e9ny volt. Term\u00e9szetfeletti szempontb\u00f3l nem politikai gyilkoss\u00e1g \u00e1ldozatak\u00e9nt halt meg, hanem J\u00e9zus Krisztus m\u00e1rt\u00edrjak\u00e9nt \u2013 nem a szentt\u00e9 avatottak \u00e9rtelemben, hanem mint aki \u00e9let\u00e9vel tan\u00faskodott (a g\u00f6r\u00f6g <i>martys<\/i> sz\u00f3b\u00f3l). \u00c9let\u00e9t adta, hogy k\u00f6vesse Ur\u00e1t, \u00e1ldozatk\u00e9nt az igazs\u00e1g\u00e9rt, hogy az ember Isten k\u00e9pm\u00e1s\u00e1ra lett teremtve, f\u00e9rfik\u00e9nt \u00e9s n\u0151k\u00e9nt, \u00e9s ellent\u00e9tben az \u00fagynevezett \u201etranszideol\u00f3gia\u201d \u00e9s \u201enemet meger\u0151s\u00edt\u0151 gondoz\u00e1s\u201d \u00e1ltal terjesztett hazugs\u00e1gokkal \u00e9s \u00f6ncsonk\u00edt\u00e1ssal. \u0150 fenntartotta \u00e9s megv\u00e9dte a h\u00e1zass\u00e1g \u00e9s a csal\u00e1d sz\u00e9ps\u00e9g\u00e9t \u00e9s szents\u00e9g\u00e9t, ahogyan azt Isten, a Teremt\u0151 elrendelte, \u00e9s ki\u00e1llt minden emberi \u00e9let m\u00e9lt\u00f3s\u00e1g\u00e1\u00e9rt a fogantat\u00e1st\u00f3l a term\u00e9szetes hal\u00e1lig.<\/p>\n<p><b>Mint bizony\u00e1ra tudj\u00e1k, Charlie Kirk feles\u00e9ge katolikus volt, \u00e9s k\u00f6zeli bar\u00e1tai el\u00e1rult\u00e1k, hogy mis\u00e9re j\u00e1rt \u00e9s r\u00f3zsaf\u00fcz\u00e9rt im\u00e1dkozott.<\/b><\/p>\n<p style=\"text-align: justify;\">Igen, \u00e9s nemr\u00e9giben dics\u00e9rte a Sz\u0171z M\u00e1ri\u00e1t, mint p\u00e9ldak\u00e9pet \u00e9s \u201emegold\u00e1st\u201d korunk bajaira. Azzal, hogy \u201eigen\u201d-t mondott Isten megtestes\u00fcl\u00e9s\u00e9re, J\u00e9zus anyj\u00e1v\u00e1 v\u00e1lt, az emberis\u00e9g egyetlen Megv\u00e1lt\u00f3j\u00e1nak, aki egyed\u00fcl szabad\u00edt meg minket a hazugs\u00e1gt\u00f3l, a b\u0171nt\u0151l \u00e9s a hal\u00e1lt\u00f3l, valamint minden gyilkos ideol\u00f3gi\u00e1t\u00f3l.<\/p>\n<p style=\"text-align: justify;\">K\u00e9rj\u00fck az \u00dar J\u00e9zust \u00e9s a Szent M\u00e1ri\u00e1t, hogy vigasztalj\u00e1k Charlie feles\u00e9g\u00e9t \u00e9s gyermekeit.<\/p>\n<p><strong>Forduljunk R\u00f3m\u00e1hoz. Milyen v\u00e1ltoz\u00e1sokat \u00e9szlelt\u00e9l XIV. Le\u00f3 p\u00e1pa megv\u00e1laszt\u00e1sa \u00f3ta?<\/strong><\/p>\n<p style=\"text-align: justify;\">Az evang\u00e9lium hirdet\u00e9se jobban Krisztusra \u00f6sszpontos\u00edt, nagyobb a rend, \u00e9s kevesebb hangs\u00falyt kapnak az egyh\u00e1z sz\u00e1m\u00e1ra m\u00e1sodlagos jelent\u0151s\u00e9g\u0171 k\u00e9rd\u00e9sek, mint p\u00e9ld\u00e1ul a migr\u00e1ci\u00f3, amely els\u0151sorban az \u00e1llam feladata.<\/p>\n<p style=\"text-align: justify;\">Term\u00e9szetesen az egyh\u00e1z j\u00f3t\u00e9konys\u00e1gi munk\u00e1val seg\u00edthet, de els\u0151dleges feladatunk az, hogy mindenkinek hirdess\u00fck az evang\u00e9liumot, \u00e9s evangeliz\u00e1ljuk azokat, akik Eur\u00f3p\u00e1ba j\u00f6nnek \u2013 nem csup\u00e1n anyagi seg\u00edts\u00e9get ny\u00fajtva nekik, hanem az igazs\u00e1got is megadva nekik.<\/p>\n<p style=\"text-align: justify;\">Olyan sok muszlim \u00e9rkezik, \u00e9s nem engedhetj\u00fck meg, hogy r\u00e1er\u0151ltess\u00e9k a vall\u00e1sukat a mi kult\u00far\u00e1nkra. Ezzel Isten szeretet\u00e9nek \u00fczenet\u00e9vel kell szembesz\u00e1llnunk, mivel az Istenr\u0151l alkotott k\u00e9p\u00fck \u2013 egy dikt\u00e1tor, akinek \u00f6nk\u00e9nyes akarat\u00e1t vakon kell k\u00f6vetni \u2013 nem az a k\u00e9p, amelyet J\u00e9zus adott nek\u00fcnk. Isten a mi Aty\u00e1nk, Teremt\u0151nk, aki a saj\u00e1t k\u00e9pm\u00e1s\u00e1ra \u00e9s hasonlatoss\u00e1g\u00e1ra teremtett minket. Mi az \u0150 gyermekei vagyunk, \u00e9s a Szentl\u00e9lek \u00e1ltal Isten bar\u00e1taiv\u00e1, J\u00e9zus Krisztus bar\u00e1taiv\u00e1 v\u00e1lhatunk.<\/p>\n<p style=\"text-align: justify;\">Ez az \u00fczenet, amelynek tan\u00fai kell legy\u00fcnk, k\u00fcl\u00f6n\u00f6sen azokban az eur\u00f3pai orsz\u00e1gokban, amelyek megf\u00e1radtak kereszt\u00e9ny hit\u00fckben, \u00e9s a nacionalizmus, a fasizmus, a kommunizmus, \u00e9s most a wokeizmus ideol\u00f3gi\u00e1i \u00e1ltal szekulariz\u00e1l\u00f3dtak, ami mind az embereket, mind identit\u00e1sukat fenyegeti.<\/p>\n<p><strong>A wokeizmust a kommunizmus szintj\u00e9re helyezi?<\/strong><\/p>\n<p style=\"text-align: justify;\">Igen, a marxista emberk\u00e9pet folytat\u00f3nak tekintem. Marx szerint nem vagyunk halhatatlan l\u00e9lekkel rendelkez\u0151 szem\u00e9lyek, akik kegyelem \u00e1ltal k\u00e9pesek szem\u00e9lyes kapcsolatban \u00e9lni Istennel, Teremt\u0151nkkel. Ink\u00e1bb \u00fagy tekintenek r\u00e1nk, mint akik egy politikai p\u00e1rtt\u00f3l vagy ideol\u00f3giai csoportt\u00f3l \u2013 vagy olyan szervezetek d\u00f6nt\u00e9seit\u0151l, mint a Vil\u00e1ggazdas\u00e1gi F\u00f3rum \u2013 f\u00fcggenek az ember term\u00e9szet\u00e9nek meghat\u00e1roz\u00e1s\u00e1ban. Egy kis elit d\u00f6nti el, mi az emberi m\u00e9lt\u00f3s\u00e1g, \u00e9s a t\u00f6megekt\u0151l elv\u00e1rj\u00e1k, hogy engedelmeskedjenek \u00e9s alkalmazkodjanak mindenhez, amit \u0151k dikt\u00e1lnak. Ez teljesen rombol\u00f3.<\/p>\n<p style=\"text-align: justify;\">A wokeizmus egy ideol\u00f3giai hull\u00e1m r\u00e9sze, amely ellenzi a szem\u00e9lyes identit\u00e1st, a testet \u2013 f\u00e9rfi \u00e9s n\u0151i \u2013, a stabil csal\u00e1di kapcsolatokat, a k\u00fcl\u00f6n\u00e1ll\u00f3 kult\u00far\u00e1kat \u00e9s nyelveket, a t\u00f6rt\u00e9nelmet \u00e9s az emberi l\u00e9t r\u00e9sz\u00e9t k\u00e9pez\u0151 norm\u00e1lis, stabil kapcsolatokat.<\/p>\n<p style=\"text-align: justify;\">L\u00e9nyeg\u00e9ben a r\u00e9gi marxizmus folytat\u00e1sa. Noha nem hivatalos politikai p\u00e1rtk\u00e9nt m\u0171k\u00f6dik, j\u00f3l szervezett nyom\u00e1sgyakorl\u00f3 csoportjai vannak mindenhol \u2013 az Eur\u00f3pai Uni\u00f3ban, az Egyes\u00fclt \u00c1llamokban a Deep State-en kereszt\u00fcl, a t\u00f6megm\u00e9di\u00e1ban, a k\u00f6z\u00f6ss\u00e9gi m\u00e9di\u00e1ban \u00e9s az egyetemeken. Ezek a csoportok rendk\u00edv\u00fcl elnyom\u00f3ak, milit\u00e1nsak \u00e9s agressz\u00edvek mindazokkal szemben, akik nem felelnek meg a gondolkod\u00e1sm\u00f3djuknak.<\/p>\n<p><strong>Hogyan l\u00e1tja a wokeizmus \u00e9s az iszl\u00e1m k\u00f6z\u00f6tti kapcsolatot?<\/strong><\/p>\n<p style=\"text-align: justify;\">Az iszl\u00e1m term\u00e9szetesen egy vall\u00e1s, \u00e9s \u00f6nmag\u00e1ban semmi k\u00f6ze a wokeizmushoz. A wokeist\u00e1k azonban az iszl\u00e1mot haszn\u00e1lj\u00e1k fel a kereszt\u00e9ny identit\u00e1s, valamint a nyugati hagyom\u00e1nyok \u00e9s kult\u00fara al\u00e1\u00e1s\u00e1s\u00e1ra. \u00dagy gondolom azonban, hogy ezek a wokeist\u00e1k lehetnek a radik\u00e1lis iszlamist\u00e1k k\u00f6vetkez\u0151 \u00e1ldozatai. Lehet, hogy \u00fagy sz\u00e1moltak, hogy a muszlimok v\u00e9g\u00fcl \u00e1tveszik a woke eszm\u00e9ket, de erre nincs es\u00e9ly. \u00c9ppen ellenkez\u0151leg, az iszl\u00e1m elutas\u00edtja a n\u0151k m\u00e9lt\u00f3s\u00e1g\u00e1t, \u00e9s erk\u00f6lcsi kereteinek semmi k\u00f6ze a wokeizmus c\u00e9ljaihoz, amelyek k\u00f6z\u00f6tt szerepel a t\u00e1rsadalom \u00e9s a gondolkod\u00e1s homoszexualiz\u00e1l\u00e1sa.<\/p>\n<p style=\"text-align: justify;\">Angli\u00e1ban p\u00e9ld\u00e1ul a wokeizmus kezdeti szakasz\u00e1ban az iszlamizmust haszn\u00e1lja eszk\u00f6zk\u00e9nt a kereszt\u00e9ny kult\u00fara \u00e9s hagyom\u00e1ny gyeng\u00edt\u00e9s\u00e9re. Jelenleg tragikus esetekben \u2013 p\u00e9ld\u00e1ul amikor egy l\u00e1nyt t\u00f6bb muszlim f\u00e9rfi meger\u0151szakol \u2013 a l\u00e1ny nagyobb val\u00f3sz\u00edn\u0171s\u00e9ggel ker\u00fcl b\u00f6rt\u00f6nbe, mint az elk\u00f6vet\u0151k.<\/p>\n<p style=\"text-align: justify;\">Rem\u00e9lem, hogy a k\u00f6vetkez\u0151 v\u00e1laszt\u00e1sok ut\u00e1n jelent\u0151sen megv\u00e1ltozik a helyzet Angli\u00e1ban.<\/p>\n<p><strong>\u00c9s mi a helyzet az \u00d6n sz\u00fcl\u0151haz\u00e1j\u00e1ban, N\u00e9metorsz\u00e1gban?<\/strong><\/p>\n<p style=\"text-align: justify;\">Az ottani helyzet n\u00e9mileg hasonl\u00f3. \u00c1tlagosan naponta tizennyolc k\u00e9ses t\u00e1mad\u00e1s t\u00f6rt\u00e9nik, \u00e9s k\u00e9t-h\u00e1rom l\u00e1ny vagy fiatal n\u0151 v\u00e1lik csoportos nemi er\u0151szak \u00e1ldozat\u00e1v\u00e1. M\u00e9g akkor is, ha egy rend\u0151rt megk\u00e9selnek, gyakran nem t\u00f6rt\u00e9nik semmi.<\/p>\n<p style=\"text-align: justify;\">Az iskol\u00e1kban is egyre nagyobbak a kih\u00edv\u00e1sok, ahol a muszlim gyerekek gyakran t\u00fals\u00falyban vannak a kereszt\u00e9ny gyerekekkel szemben, de kevesen vannak, akik hajland\u00f3k szemben\u00e9zni ezzel a val\u00f3s\u00e1ggal. \u00dagy t\u0171nik, m\u00e9g sok p\u00fcsp\u00f6k sem fogja fel teljesen a helyzet komolys\u00e1g\u00e1t.<\/p>\n<p><b>T\u00e9nyleg \u00fagy gondolja, hogy a p\u00fcsp\u00f6k\u00f6k nem fogj\u00e1k fel?<\/b><\/p>\n<p style=\"text-align: justify;\">Nekik k\u00f6nnyebb becsukni a szem\u00fcket. Sokan elragadja \u0151ket ez az ideol\u00f3giai hull\u00e1m, \u00e9s tudj\u00e1k, hogy azokat, akik ny\u00edltan vallj\u00e1k kereszt\u00e9ny hit\u00fcket, t\u00e1mad\u00e1sok \u00e9rik. Azt akarj\u00e1k, hogy mindenki szeresse \u0151ket, hogy mindenki kedvencei legyenek. Csak n\u00e9h\u00e1ny p\u00fcsp\u00f6k \u00e9rti meg igaz\u00e1n N\u00e9metorsz\u00e1gban, mi t\u00f6rt\u00e9nik.<\/p>\n<p style=\"text-align: justify;\">N\u00e9metorsz\u00e1gban vall\u00e1sszabads\u00e1g van, \u00e9s elvileg mindenki ny\u00edltan gyakorolhatja a hit\u00e9t, bele\u00e9rtve az iszl\u00e1mot is. De a val\u00f3s\u00e1g eg\u00e9szen m\u00e1s. A muszlimok nagyon jelen vannak a k\u00f6z\u00e9letben, m\u00edg a kereszt\u00e9nyek gyakran m\u00e9g att\u00f3l is tartanak, hogy nyilv\u00e1nos eucharisztikus felvonul\u00e1st tartsanak, nehogy megs\u00e9rtsenek vagy provok\u00e1ljanak m\u00e1sokat.<\/p>\n<p><strong>Ha a helyzet tov\u00e1bbra is \u00edgy alakul, hogyan fog v\u00e9gz\u0151dni?<\/strong><\/p>\n<p style=\"text-align: justify;\">Olyan lehet, mint \u00c9szak-Afrik\u00e1ban. A hetedik sz\u00e1zadig ez egy teljesen katolikus r\u00e9gi\u00f3 volt, b\u00e1r voltak kih\u00edv\u00e1sok, p\u00e9ld\u00e1ul a donatist\u00e1k. De azt\u00e1n meg\u00e9rkezett az iszl\u00e1m, \u00e9s \u00f6tsz\u00e1z \u00e9vvel k\u00e9s\u0151bb a lakoss\u00e1g teljes eg\u00e9sz\u00e9ben muszlimm\u00e1 v\u00e1lt.<\/p>\n<p style=\"text-align: justify;\">Ha ez bek\u00f6vetkezne, a kereszt\u00e9nyek m\u00e1sodrend\u0171 \u00e1llampolg\u00e1rokk\u00e1 v\u00e1ln\u00e1nak.<\/p>\n<p style=\"text-align: justify;\">De kevesen akarnak ezt elismerni. P\u00e9ld\u00e1ul sz\u00fcl\u0151v\u00e1rosom, Mainz, \u00f6tven \u00e9vvel ezel\u0151tt hetven sz\u00e1zal\u00e9kban katolikus volt; ma a szekulariz\u00e1ci\u00f3, a migr\u00e1ci\u00f3 \u00e9s m\u00e1s t\u00e9nyez\u0151k miatt ez az ar\u00e1ny huszonh\u00e9t sz\u00e1zal\u00e9kra esett vissza. Jelenleg az orsz\u00e1g lakoss\u00e1g\u00e1nak harminc sz\u00e1zal\u00e9ka nem n\u00e9met etnikum\u00fa, \u00e9s t\u00f6bbs\u00e9g\u00fck fiatal. H\u00fasz-harminc \u00e9v m\u00falva az iszl\u00e1m v\u00e1lhat a domin\u00e1ns vall\u00e1ss\u00e1.<\/p>\n<p><b>T\u00e9nyleg azt hiszi, hogy N\u00e9metorsz\u00e1g muszlim orsz\u00e1gg\u00e1 v\u00e1lhat?<\/b><\/p>\n<p style=\"text-align: justify;\">Sok szempontb\u00f3l m\u00e1r az. A muszlimok domin\u00e1lj\u00e1k a k\u00f6z\u00e9letet, r\u00e9szben az\u00e9rt, mert a politikusok f\u00e9lnek t\u0151l\u00fck.<\/p>\n<p><b>Annak ellen\u00e9re, hogy a muszlimok nem ellen\u0151rzik a korm\u00e1nyt&#8230;<\/b><\/p>\n<p style=\"text-align: justify;\">A kelet-n\u00e9metorsz\u00e1gi volt kommunista p\u00e1rt teljesen iszl\u00e1mbar\u00e1t. Annak ellen\u00e9re, hogy ideol\u00f3gi\u00e1juk teljes m\u00e9rt\u00e9kben marxista \u00e9s ateista, sz\u00f6vets\u00e9gre l\u00e9ptek a muszlimokkal, akik egy olyan Istenben hisznek, akinek mindenki al\u00e1vetnie kell mag\u00e1t. Ez teljes ellentmond\u00e1s, de a nyugat kereszt\u00e9nytalan\u00edt\u00e1s\u00e1nak c\u00e9lj\u00e1t szolg\u00e1lja.<\/p>\n<p><strong>Gondolja, hogy valamikor polg\u00e1rh\u00e1bor\u00fa is kit\u00f6rhet?<\/strong><\/p>\n<p style=\"text-align: justify;\">\u00dagy gondolom, hogy a fiatal n\u00e9metek m\u00e1r nem k\u00e9pesek megv\u00e9deni magukat; val\u00f3j\u00e1ban m\u00e1r elvesztett\u00e9k a csat\u00e1t. Az igazs\u00e1g az, hogy nem is volt csata \u2013 ez egy besziv\u00e1rg\u00e1s volt. Egymilli\u00f3 ember \u00e9rkezett Sz\u00edri\u00e1b\u00f3l, sokan k\u00f6z\u00fcl\u00fck nem besz\u00e9ltek n\u00e9met\u00fcl. N\u00e9metorsz\u00e1g p\u00e9nz\u00fcgyi t\u00e1mogat\u00e1st \u00e9s fejlett infrastrukt\u00far\u00e1t k\u00edn\u00e1lt nekik, an\u00e9lk\u00fcl, hogy munk\u00e1t k\u00f6vetelt volna t\u0151l\u00fck. Sz\u00e1mukra ez f\u00f6ldi paradicsomnak t\u0171nik \u2013 am\u00edg el nem fogynak az er\u0151forr\u00e1sok. Ha ez bek\u00f6vetkezik, konfliktusok alakulhatnak ki, amelyek polg\u00e1rh\u00e1bor\u00fahoz vezethetnek, de csak k\u00f6z\u00f6tt\u00fck, hasonl\u00f3an ahhoz, amit Sz\u00edri\u00e1ban l\u00e1ttunk.<\/p>\n<p><b>\u00c9s szerinted ez re\u00e1lis?<\/b><\/p>\n<p style=\"text-align: justify;\">Igen, teljesen re\u00e1lis. Nincs hat\u00e9kony ellenmozgalom, amely foglalkozna a n\u00e9pess\u00e9gcs\u00f6kken\u00e9s k\u00f6vetkezm\u00e9nyeivel vagy az abortuszt t\u00e1mogat\u00f3 politik\u00e1kkal.<\/p>\n<p><strong>Gondolod, hogy a p\u00fcsp\u00f6k\u00f6k nagyban felel\u0151sek ez\u00e9rt, mivel az elm\u00falt \u00e9vtizedekben nem hirdett\u00e9k az evang\u00e9liumot \u00e9s nem tan\u00edtott\u00e1k a h\u00edv\u0151knek a katolikus hitet?<\/strong><\/p>\n<p style=\"text-align: justify;\">A n\u00e9pess\u00e9gcs\u00f6kken\u00e9s mozgalm\u00e1nak kezdet\u00e9n, olyan kezdem\u00e9nyez\u00e9sekkel, mint a R\u00f3mai Klub, volt ellen\u00e1ll\u00e1s. A p\u00e1pa \u00e9s a p\u00fcsp\u00f6k\u00f6k felsz\u00f3laltak ellene. De a k\u00f6vetkez\u0151 gener\u00e1ci\u00f3s p\u00fcsp\u00f6k\u00f6k elvesztett\u00e9k energi\u00e1jukat. N\u00e9zze meg a n\u00e9met zsinati utat: az a hit modern ideol\u00f3gi\u00e1khoz val\u00f3 igaz\u00edt\u00e1s\u00e1ra \u00f6sszpontos\u00edt, ahelyett, hogy az autentikus katolikus tan\u00edt\u00e1st tartan\u00e1 fenn.<\/p>\n<p><strong>Ez elvezet a k\u00f6vetkez\u0151 k\u00e9rd\u00e9semhez. Eminenci\u00e1s uram, mi a reakci\u00f3ja a k\u00f6zelm\u00faltban a r\u00f3mai Ges\u00f9-templomban \u00e9s a Szent P\u00e9ter-bazilik\u00e1ban tartott \u201eLGBT jubileumi zar\u00e1ndoklatra\u201d, amelynek eredm\u00e9nyek\u00e9nt vir\u00e1lis fot\u00f3 k\u00e9sz\u00fclt k\u00e9t homoszexu\u00e1lis f\u00e9rfir\u00f3l, akik pimaszul fogt\u00e1k egym\u00e1s kez\u00e9t, egyik\u00fck h\u00e1tizs\u00e1kj\u00e1n a \u201eF*** the Rules\u201d felirat volt l\u00e1that\u00f3?<\/strong><\/p>\n<p style=\"text-align: justify;\">Megszents\u00e9gtelen\u00edtett\u00e9k Isten templom\u00e1t, \u201eaz Atya h\u00e1z\u00e1t piacg\u00e1 t\u00e9ve\u201d (Jn 2, 17). Az LGBT-mozgalom teljesen ellent\u00e9tes Isten, a Teremt\u0151 akarat\u00e1val, aki Krisztusban szent szents\u00e9gk\u00e9nt alap\u00edtotta a h\u00e1zass\u00e1got, \u00e9s abszol\u00fat botr\u00e1ny, hogy ez megt\u00f6rt\u00e9nt.<\/p>\n<p style=\"text-align: justify;\">N\u00e9h\u00e1ny \u00e9vvel ezel\u0151tt Reinhard Marx b\u00edboros mis\u00e9t celebr\u00e1lt ezeknek a csoportoknak M\u00fcnchenben, \u00e9s ezzel a szent dolgot propagandashow-v\u00e1 v\u00e1ltoztatta. Most ugyanez t\u00f6rt\u00e9nik a r\u00f3mai Ges\u00f9-templomban, ahol egy olasz p\u00fcsp\u00f6k arr\u00f3l besz\u00e9l, hogy a h\u00e1zass\u00e1gr\u00f3l \u00e9s a csal\u00e1dr\u00f3l sz\u00f3l\u00f3 kinyilatkoztatott tan\u00edt\u00e1s az emberi, testi v\u00e1gyak szerint megv\u00e1ltoztathat\u00f3.<\/p>\n<p style=\"text-align: justify;\">Ahogy Szent \u00c1goston eml\u00e9keztet benn\u00fcnket a <i>Confessions<\/i> X, 27-ben: \u201eA legjobb szolg\u00e1d az, aki nem azt akarja hallani t\u0151led, amit \u0151 maga hallani akar, hanem azt akarja, amit t\u0151led hall.\u201d<\/p>\n<p><strong>Mi a jelent\u0151s\u00e9ge annak, hogy egy eg\u00e9sz csoport, amely ny\u00edltan elutas\u00edtja a katolikus hitet a szexu\u00e1lis erk\u00f6lcs tekintet\u00e9ben, \u00e1tl\u00e9p a Szent Kapun?<\/strong><\/p>\n<p style=\"text-align: justify;\">Propaganda c\u00e9lj\u00e1b\u00f3l vissza\u00e9ltek a katolikus hittel, a Szent Kapu kegyelm\u00e9vel \u00e9s szimb\u00f3lum\u00e1val \u2013 amely J\u00e9zus Krisztus \u2013, mik\u00f6zben ny\u00edltan ellentmondtak a Teremt\u0151 akarat\u00e1nak. Obszc\u00e9n gesztusokkal \u00e9s \u00e9letm\u00f3djukkal becsm\u00e9relt\u00e9k Isten egyh\u00e1z\u00e1t. Ahogy Szent P\u00e1l mondta: \u201eEz\u00e9rt Isten \u00e1tadta \u0151ket sz\u00edv\u00fck v\u00e1gyainak, hogy tiszt\u00e1talans\u00e1gban \u00e9ljenek, \u00e9s egym\u00e1s k\u00f6z\u00f6tt meggyal\u00e1zz\u00e1k test\u00fcket, mert az Istenr\u0151l sz\u00f3l\u00f3 igazs\u00e1got hazugs\u00e1gra cser\u00e9lt\u00e9k\u201d (R\u00f3ma 1,24-25).<\/p>\n<p style=\"text-align: justify;\">Szent P\u00e1l szavai nem csak a R\u00f3maiakhoz \u00edrt lev\u00e9l \u00edr\u00e1s\u00e1nak idej\u00e9n voltak igazak; a homoszexualit\u00e1s, a pederasztia \u00e9s a pedof\u00edlia a kereszt\u00e9nys\u00e9g el\u0151tti \u00f3korban is elterjedt volt. M\u00e9g ma is ezek a k\u00f6vetkezm\u00e9nyei annak, hogy tagadj\u00e1k Istent, a Teremt\u0151t, aki f\u00e9rfinak \u00e9s n\u0151nek teremtette az embert. Megd\u00f6bbent\u0151, hogy a p\u00fcsp\u00f6k\u00f6k \u00e9s papok teret adtak ennek a katolikus hit ellenkez\u0151 tan\u00fas\u00e1gt\u00e9telnek, ny\u00edltan ellentmondva Isten akarat\u00e1nak. Tan\u00e1csos lenne, ha tanulm\u00e1nyozn\u00e1k az egyh\u00e1z h\u00e1zass\u00e1gr\u00f3l \u00e9s csal\u00e1dr\u00f3l sz\u00f3l\u00f3 tan\u00edt\u00e1s\u00e1t, k\u00fcl\u00f6n\u00f6sen a II. Vatik\u00e1ni Zsinat <i>A modern vil\u00e1gr\u00f3l sz\u00f3l\u00f3 pasztor\u00e1lis alkotm\u00e1ny\u00e1ban<\/i>, a <i>Gaudium et Spes<\/i>-ben, \u00a747\u201352.<\/p>\n<p><strong>Legal\u00e1bb egy p\u00fcsp\u00f6k \u00e9s t\u00f6bb pap \u00e9s szerzetesn\u0151 vett r\u00e9szt az \u201eLGBT jubileumi zar\u00e1ndoklaton\u201d. Egy belga pap m\u00e9g egy \u201einterszexu\u00e1lisokat is mag\u00e1ban foglal\u00f3\u201d b\u00fcszkes\u00e9g z\u00e1szl\u00f3t is viselt, amelyet k\u00f6penyk\u00e9nt a h\u00e1t\u00e1ra ter\u00edtett, mik\u00f6zben a Szent Kapu fel\u00e9 s\u00e9t\u00e1lt.<\/strong><\/p>\n<p style=\"text-align: justify;\">R\u00e9szt vesznek-e az Olt\u00e1riszents\u00e9g \u00fcnnep\u00e9nek eucharisztikus k\u00f6rmenetein? Ez nem annyira \u00e9rdekes sz\u00e1mukra, de a vall\u00e1si szimb\u00f3lumokat felhaszn\u00e1lj\u00e1k \u00e9s vissza\u00e9lnek vel\u00fck, hogy propaganda c\u00e9lj\u00e1b\u00f3l terjeszthess\u00e9k az antikrisztusi ideol\u00f3gi\u00e1t.<\/p>\n<p><strong>Szent\u00e9lyt\u00f6r\u00e9s volt-e \u00edgy \u00e1tl\u00e9pni a Szent Kaput?<\/strong><\/p>\n<p style=\"text-align: justify;\">K\u00e9ts\u00e9gtelen\u00fcl. Ezeknek a p\u00e1roknak az \u00e1ld\u00e1sa szint\u00e9n szent\u00e9lyt\u00f6r\u00e9s, \u00e9s teljesen ellent\u00e9tes Isten Ig\u00e9j\u00e9vel \u00e9s a katolikus tan\u00edt\u00e1ssal. Ez az ideol\u00f3gia nem t\u00f6r\u0151dik azzal, hogy seg\u00edtsen azoknak az egy\u00e9neknek, akik a szexualit\u00e1sukkal kapcsolatos k\u00e9rd\u00e9sekkel k\u00fczdenek, hogy a Teremt\u0151 szent akarat\u00e1nak megfelel\u0151en \u00e9ljenek. A t\u00e1mogat\u00f3i sem t\u00f6r\u0151dnek az \u00f6r\u00f6k \u00e9lettel vagy a lelkek \u00fcdv\u00f6ss\u00e9g\u00e9vel. Ink\u00e1bb egy kereszt\u00e9nyellenes ideol\u00f3gi\u00e1t hirdetnek, amely t\u00e1madja a h\u00e1zass\u00e1g \u00e9s a csal\u00e1d \u2013 apa, anya \u00e9s gyermekek \u2013 fogalm\u00e1t, \u00e9s ellent\u00e9tes tan\u00fas\u00e1got tesz J\u00e9zus Krisztus evang\u00e9lium\u00e1val:<\/p>\n<p style=\"text-align: justify;\">\u201eDe a bujas\u00e1g \u00e9s minden tiszt\u00e1talans\u00e1g vagy kapzsis\u00e1g ne is legyen megeml\u00edtve k\u00f6z\u00f6ttetek, ahogy illik a szentekhez. Ne legyenek k\u00f6z\u00f6ttetek tiszt\u00e1talans\u00e1gok, sem ostoba besz\u00e9d, sem k\u00f6nnyelm\u0171s\u00e9g, amelyek nem ill\u0151ek; hanem ink\u00e1bb h\u00e1laad\u00e1s. Biztosak legyetek abban, hogy semmilyen buja vagy tiszt\u00e1talan ember, sem pedig kapzsi (azaz b\u00e1lv\u00e1nyim\u00e1d\u00f3) nem \u00f6r\u00f6k\u00f6l r\u00e9szesed\u00e9st Krisztus \u00e9s Isten orsz\u00e1g\u00e1ban. [\u2026] F\u00e9rjek, szeress\u00e9tek feles\u00e9geteket, ahogy Krisztus szerette az egyh\u00e1zat, \u00e9s odaadta mag\u00e1t \u00e9rte, hogy megszentelje, megtiszt\u00edtva v\u00edzmos\u00e1ssal \u00e9s ig\u00e9vel, hogy mag\u00e1nak mutassa be az egyh\u00e1zat dics\u0151s\u00e9gben, folt \u00e9s r\u00e1nc n\u00e9lk\u00fcl, vagy ilyesmi n\u00e9lk\u00fcl, hogy szent \u00e9s hib\u00e1tlan legyen\u201d (Ef\u00e9zus 5:3-5;25-26).<\/p>\n<p><b>A zar\u00e1ndoklaton besz\u00e9ltem a \u201eJonathan s\u00e1tra\u201d (<i>Tenda di Gionata<\/i>) egyik f\u0151szervez\u0151j\u00e9vel. Azt \u00e1ll\u00edtotta, hogy a Bibli\u00e1ban vannak utal\u00e1sok arra, hogy a homoszexualit\u00e1s erk\u00f6lcsileg megengedett, \u00e9s azt mondta, hogy \u201enem szabad a Bibli\u00e1t sz\u00f3 szerint \u00e9rtelmezni, hanem egy adott t\u00f6rt\u00e9nelmi pillanat kontextus\u00e1ban\u201d.<\/b><\/p>\n<p style=\"text-align: justify;\">Minden eretnek \u00edgy \u00e9rtelmezte a Bibli\u00e1t. A Szent\u00edr\u00e1s nagyon egy\u00e9rtelm\u0171 ezekben a k\u00e9rd\u00e9sekben, \u00e9s csak az Egyh\u00e1z tan\u00edt\u00f3hivatala rendelkezik azzal a hatalommal, hogy az apostoli hagyom\u00e1nynak megfelel\u0151en hiteles \u00e9s t\u00e9vedhetetlen \u00e9rtelmez\u00e9st adjon Isten Ig\u00e9j\u00e9nek. Nem k\u00f6thet\u00fcnk kompromisszumot a pog\u00e1nys\u00e1ggal az Egy Istenbe vetett hit\u00fcnkkel kapcsolatban.<\/p>\n<p><strong>James Martin atya, aki szint\u00e9n az \u201eLGBT jubileumi zar\u00e1ndoklat\u201d egyik f\u0151 szervez\u0151je volt, szeptember 1-j\u00e9n audienci\u00e1t kapott Le\u00f3 p\u00e1p\u00e1t\u00f3l, \u00e9s azonnal k\u00f6zz\u00e9tette a hivatalos fot\u00f3kat a k\u00f6z\u00f6ss\u00e9gi m\u00e9di\u00e1ban. Vajon ilyen tal\u00e1lkoz\u00f3ra ker\u00fclt volna sor II. J\u00e1nos P\u00e1l p\u00e1pa vagy XVI. Benedek p\u00e1pa idej\u00e9n?<\/strong><\/p>\n<p style=\"text-align: justify;\">Mindketten tudt\u00e1k, hogy ezeket a fot\u00f3kat vissza\u00e9l\u00e9sszer\u0171en felhaszn\u00e1ln\u00e1k arra, hogy a p\u00e1pa kereszt\u00e9nyellenes ideol\u00f3gi\u00e1kkal \u00e1lljon \u00f6ssze. A p\u00e1p\u00e1k n\u00e9ha fogadtak kommunista vezet\u0151ket, de senki sem hitte, hogy II. J\u00e1nos P\u00e1l p\u00e1p\u00e1nak b\u00e1rmi k\u00f6z\u00f6s lenne vel\u00fck; \u0151 nagyon vil\u00e1gosan besz\u00e9lt vel\u00fck. XVI. Benedek egyszer mag\u00e1njelleggel tal\u00e1lkozott Hans K\u00fcnggel, de nem olyan m\u00f3don, hogy azt b\u00e1rki is felhaszn\u00e1lhatta volna, \u00e9s term\u00e9szetesen senki sem gondolta, hogy XVI. Benedek p\u00e1pa elfogadn\u00e1 K\u00fcng elm\u00e9let\u00e9t.<\/p>\n<p style=\"text-align: justify;\">\u00dagy gondolom, hogy XIV. Le\u00f3 p\u00e1pa, aki egy\u00e9rtelm\u0171en besz\u00e9lt a kereszt\u00e9ny h\u00e1zass\u00e1g term\u00e9szet\u00e9r\u0151l, nagyon is tiszt\u00e1ban van a t\u00f6rt\u00e9n\u00e9sekkel, \u00e9s senki sem tudja k\u00f6nnyen kihaszn\u00e1lni.<\/p>\n<p><strong>Az \u201eLGBT jubileumi zar\u00e1ndoklatot\u201d a kor\u00e1bbi p\u00e1pas\u00e1g idej\u00e9n szervezt\u00e9k, \u00e9s m\u00e1r szerepelt a Vatik\u00e1n napt\u00e1r\u00e1ban, de egyes katolikusok feltehetik a k\u00e9rd\u00e9st, hogy mi\u00e9rt tal\u00e1lkozott Leo p\u00e1pa egy\u00e1ltal\u00e1n James Martin aty\u00e1val, \u00e9s mi\u00e9rt nem t\u00f6r\u00f6lt\u00e9k az esem\u00e9nyeket.<\/strong><\/p>\n<p style=\"text-align: justify;\">Dogmatikus teol\u00f3gusk\u00e9nt nem akarok diplom\u00e1ciai lenni. A katolikus egyh\u00e1znak hirdetnie kell az igazs\u00e1got, de ellentmondania kell a hazugs\u00e1goknak is. Vagyis nem csak pozit\u00edvan kell elmagyar\u00e1znunk a hitet, hanem akt\u00edvan c\u00e1folnunk kell a t\u00e9ved\u00e9seket is.<\/p>\n<p style=\"text-align: justify;\">A niceai zsinat meger\u0151s\u00edtette a hit igazs\u00e1gait, de Ariust is eretneknek nyilv\u00e1n\u00edtotta. Az igazs\u00e1g hirdet\u00e9se \u00f6nmag\u00e1ban nem el\u00e9g. Szent P\u00e1l a \u201ekereszt ellens\u00e9geir\u0151l\u201d besz\u00e9l az egyh\u00e1zon bel\u00fcl. Ha egy p\u00e1pa vagy p\u00fcsp\u00f6k az igazat mondja, akkor t\u00e1madni fogj\u00e1k. Ezzel szemben, ha hallgat, akkor kihaszn\u00e1lj\u00e1k a hallgat\u00e1s\u00e1t, hogy el\u0151mozd\u00edts\u00e1k t\u00e9ved\u00e9seiket.<\/p>\n<p style=\"text-align: justify;\">Sok katolikus p\u00fcsp\u00f6k ellenezte a <i>Fiducia Supplicans<\/i>-t, mert az helytelen pasztor\u00e1lis utat k\u00e9pviselt, \u00e9s a term\u00e9szetes \u00e9s kinyilatkoztatott antropol\u00f3gia hi\u00e1nyos \u00e9s nem egy\u00e9rtelm\u0171 meg\u00e9rt\u00e9s\u00e9n alapult.<\/p>\n<p style=\"text-align: justify;\">Az igazs\u00e1g \u00e9s a hamiss\u00e1g k\u00f6z\u00f6tt nem lehet kompromisszumot k\u00f6tni. Ez nem konzervat\u00edv vagy progressz\u00edv mentalit\u00e1s k\u00e9rd\u00e9se \u2013 ez a kinyilatkoztatott igazs\u00e1g \u00e9s a teremt\u00e9s c\u00e9lj\u00e1nak k\u00e9rd\u00e9se, ahogyan az az emberi term\u00e9szetbe van be\u00edrva.<\/p>\n<p><strong>Att\u00f3l a pillanatt\u00f3l kezdve, hogy kil\u00e9pett a loggi\u00e1ra, Leo p\u00e1pa a b\u00e9k\u00e9t \u00e9s az egys\u00e9get hangs\u00falyozta. Egyesek azt \u00e1ll\u00edtj\u00e1k, hogy k\u00fcl\u00f6n\u00f6sen p\u00e1pas\u00e1g\u00e1nak kezdeti id\u0151szak\u00e1ban fontos, hogy mindenki sz\u00e1m\u00e1ra nyitott legyen, mindenkivel p\u00e1rbesz\u00e9det folytasson. Mit mondana erre?<\/strong><\/p>\n<p style=\"text-align: justify;\">Az utols\u00f3 zsinat sor\u00e1n az egyh\u00e1z tan\u00edt\u00e1s\u00e1t \u201ekonzervat\u00edvnak\u201d b\u00e9lyegezt\u00e9k, \u00e9s minden katolikus, aki h\u0171s\u00e9ges akart maradni hozz\u00e1, a m\u00faltban ragadt embernek, s\u0151t \u201efarizeusnak\u201d lett min\u0151s\u00edtve.<\/p>\n<p style=\"text-align: justify;\">\u00dagy gondolom, hogy Leo p\u00e1pa szeretn\u00e9 lek\u00fczdeni ezt az ideol\u00f3giai polariz\u00e1ci\u00f3t az egyh\u00e1zon bel\u00fcl. Ez azonban nem \u00e9rhet\u0151 el kompromisszumokkal. Az igazat kell mondanunk \u2013 \u00e9s az igazs\u00e1g elker\u00fclhetetlen\u00fcl megosztja az embereket azok k\u00f6z\u00f6tt, akik k\u00f6vetik Isten szav\u00e1t, \u00e9s azok k\u00f6z\u00f6tt, akik nem.<\/p>\n<p><strong>Egyszer azt mondta, hogy az egyh\u00e1z \u201eellens\u00e9ges \u00e1tv\u00e9tel\u00e9nek\u201d voltunk tan\u00fai&#8230;<\/strong><\/p>\n<p style=\"text-align: justify;\">Az \u201eLGBT jubileumi zar\u00e1ndoklat\u201d csak egy p\u00e9lda arra, hogy az egyh\u00e1zat kereszt\u00e9nyellenes \u00e9rdekek \u00e1tv\u00e9tele c\u00e9lj\u00e1b\u00f3l pr\u00f3b\u00e1lj\u00e1k megh\u00f3d\u00edtani.<\/p>\n<p style=\"text-align: justify;\">Ha ezeknek az esem\u00e9nyeknek a h\u00e1tter\u00e9ben val\u00f3ban lelkip\u00e1sztori sz\u00e1nd\u00e9k \u00e1llna, a szervez\u0151k arra t\u00f6rekedtek volna, hogy mindenki n\u00f6vekedjen a b\u0171nb\u00e1natban \u00e9s az J\u00e9zus Krisztussal val\u00f3 egys\u00e9gben.<\/p>\n<p style=\"text-align: justify;\">Nemr\u00e9g \u00fcnnepelt\u00fck Pier Giorgio Frassati \u00e9s Carlo Acutis szentt\u00e9 avat\u00e1s\u00e1t. Ez a k\u00e9t fiatalember p\u00e9ld\u00e1zta a kereszt\u00e9ny \u00e9letet. A kereszts\u00e9gben megkapt\u00e1k a megszentel\u0151 kegyelmet, de a Szentl\u00e9lekkel is egy\u00fcttm\u0171k\u00f6dtek, hogy n\u00f6vekedjenek a szents\u00e9gben. Ezt kell el\u0151mozd\u00edtanunk.<\/p>\n<p><em><strong>Gerhard M\u00fcller kardin\u00e1lis interj\u00fam m\u00e1sodik r\u00e9sze a k\u00f6vetkez\u0151 napokban jelenik meg.<\/strong><\/em><\/p>\n<h1 style=\"text-align: center;\">2. r\u00e9sz<\/h1>\n<p style=\"text-align: left;\"><em>Interj\u00fank m\u00e1sodik r\u00e9sz\u00e9ben \u0150eminenci\u00e1ja b\u00edr\u00e1lja a 2025-\u00f6s Emberi Testv\u00e9ris\u00e9g Vil\u00e1gtal\u00e1lkoz\u00f3t, a Szent P\u00e9ter t\u00e9ren megrendezett \u201eKegyelem a vil\u00e1gnak\u201d koncertet, valamint a katolikus egyh\u00e1z \u00e1talak\u00edt\u00e1s\u00e1ra ir\u00e1nyul\u00f3 er\u0151fesz\u00edt\u00e9seket.<\/em><\/p>\n<h2 style=\"text-align: center;\">M\u00fcller b\u00edboros aggodalm\u00e1t fejezi ki a Vatik\u00e1n dr\u00f3nbemutat\u00f3ja \u00e9s Ferenc p\u00e1pa b\u00e1lv\u00e1nyoz\u00e1sa miatt<\/h2>\n<p style=\"text-align: justify;\">Vatik\u00e1nv\u00e1ros, 2025. szeptember 23. \u2013 Nemr\u00e9g R\u00f3m\u00e1ban tal\u00e1lkoztam Gerhard M\u00fcller kardin\u00e1lissal, a Hittani Kongreg\u00e1ci\u00f3 volt prefektus\u00e1val, hogy sz\u00e9les k\u00f6r\u0171 besz\u00e9lget\u00e9st folytassunk.<img loading=\"lazy\" decoding=\"async\" class=\"aligncenter size-large wp-image-7076\" src=\"https:\/\/actio-catholica.hu\/wp-content\/uploads\/2025\/10\/Drone-and-Francis-head-1024x681.webp\" alt=\"\" width=\"844\" height=\"561\" srcset=\"https:\/\/actio-catholica.hu\/wp-content\/uploads\/2025\/10\/Drone-and-Francis-head-1024x681.webp 1024w, https:\/\/actio-catholica.hu\/wp-content\/uploads\/2025\/10\/Drone-and-Francis-head-300x200.webp 300w, https:\/\/actio-catholica.hu\/wp-content\/uploads\/2025\/10\/Drone-and-Francis-head-768x511.webp 768w, https:\/\/actio-catholica.hu\/wp-content\/uploads\/2025\/10\/Drone-and-Francis-head.webp 1456w\" sizes=\"auto, (max-width: 844px) 100vw, 844px\" \/>Interj\u00fank els\u0151 r\u00e9sz\u00e9ben \u0150eminenci\u00e1ja reflekt\u00e1lt a kereszt\u00e9ny konzervat\u00edv \u00e9s a Turning Point USA alap\u00edt\u00f3ja, Charlie Kirk brut\u00e1lis meggyilkol\u00e1s\u00e1ra.<\/p>\n<p style=\"text-align: justify;\">Meg\u00e9rintett\u00fck XIV. Le\u00f3 p\u00e1pa p\u00e1pas\u00e1g\u00e1nak els\u0151 h\u00f3napjait is, \u00e9s megvitattunk egy sor s\u00fcrget\u0151 k\u00e9rd\u00e9st, k\u00f6zt\u00fck az iszl\u00e1m n\u00f6vekv\u0151 fenyeget\u00e9s\u00e9t, annak kapcsolat\u00e1t a kort\u00e1rs kereszt\u00e9nyellenes ideol\u00f3gi\u00e1kkal, valamint a Vatik\u00e1n \u00e1ltal szentes\u00edtett \u201eLGBT jubileumi zar\u00e1ndoklat\u201d k\u00f6r\u00fcli legut\u00f3bbi botr\u00e1nyt.<\/p>\n<p style=\"text-align: justify;\">A II. r\u00e9szben a besz\u00e9lget\u00e9s\u00fcnk a <a href=\"https:\/\/fraternitymeeting.org\/en\/\">2025-\u00f6s Emberi Testv\u00e9ris\u00e9g Vil\u00e1gtal\u00e1lkoz\u00f3ra<\/a> terel\u0151dik, amely a Szent P\u00e9ter t\u00e9ren megrendezett \u201eGrace for the World\u201d koncerttel z\u00e1rult, ahol a Nova Sky Stories (Kimball Musk tulajdon\u00e1ban l\u00e9v\u0151) dr\u00f3nbemutat\u00f3ja is l\u00e1that\u00f3 volt.<\/p>\n<p style=\"text-align: justify;\">A harmadik \u00e9v\u00e9t bet\u00f6lt\u0151 Emberi Testv\u00e9ris\u00e9g Vil\u00e1gtal\u00e1lkoz\u00f3 vall\u00e1si vezet\u0151k, politikai szem\u00e9lyis\u00e9gek, tud\u00f3sok \u00e9s aktivist\u00e1k r\u00e9szv\u00e9tel\u00e9vel konkr\u00e9t m\u00f3dszereket keres a testv\u00e9ris\u00e9g \u00e9s a t\u00e1rsadalmi bar\u00e1ts\u00e1g elveinek el\u0151mozd\u00edt\u00e1s\u00e1ra, amelyeket Ferenc p\u00e1pa 2020-as enciklik\u00e1j\u00e1ban, a <a href=\"https:\/\/www.vatican.va\/content\/francesco\/en\/encyclicals\/documents\/papa-francesco_20201003_enciclica-fratelli-tutti.html\"><i>Fratelli Tutti<\/i><\/a>-ban fogalmazott meg.<\/p>\n<p style=\"text-align: justify;\">Az enciklika az <a href=\"https:\/\/www.vatican.va\/content\/francesco\/en\/travels\/2019\/outside\/documents\/papa-francesco_20190204_documento-fratellanza-umana.html\"><i>Emberi testv\u00e9ris\u00e9gr\u0151l sz\u00f3l\u00f3 dokumentumra<\/i><\/a> \u00e9p\u00fcl, amelyet Ferenc p\u00e1pa 2019-ben Abu Dhabiban \u00edrt al\u00e1 az al-Azhar nagy im\u00e1mj\u00e1val, \u00e9s amely vit\u00e1t v\u00e1ltott ki azzal az \u00e1ll\u00edt\u00e1s\u00e1val, hogy \u201ea vall\u00e1sok pluralizmusa \u00e9s sokf\u00e9les\u00e9ge \u2026 Isten b\u00f6lcsess\u00e9g\u00e9nek sz\u00e1nd\u00e9ka\u201d.<\/p>\n<p style=\"text-align: justify;\">\u00cdme a Gerhard M\u00fcller kardin\u00e1lissal k\u00e9sz\u00edtett interj\u00fam m\u00e1sodik r\u00e9sze.<\/p>\n<p style=\"text-align: center;\">***<\/p>\n<p><b>Diane Montagna: Eminenci\u00e1s uram, t\u00e9rj\u00fcnk r\u00e1 a legut\u00f3bbi, szeptember 12\u201313-\u00e1n R\u00f3m\u00e1ban megrendezett Emberi Testv\u00e9ris\u00e9g Vil\u00e1gtal\u00e1lkoz\u00f3ra, amelyet Mauro Gambetti kardin\u00e1lis, a Szent P\u00e9ter-bazilika f\u0151papja, a <i>Fratelli Tutti<\/i> Alap\u00edtv\u00e1ny \u00e9s a Be Human egyes\u00fclet szervezett.<\/b><\/p>\n<p><b>A p\u00e9nteki program k\u00f6z\u00e9ppontj\u00e1ban tizen\u00f6t tematikus kerekasztal-besz\u00e9lget\u00e9s \u00e1llt, amelyek t\u00e9m\u00e1i a mesters\u00e9ges intelligenci\u00e1t\u00f3l a mez\u0151gazdas\u00e1gig, a gyermekekt\u0151l a helyi korm\u00e1nyz\u00e1sig terjedtek. Szombaton a rendezv\u00e9nyek k\u00f6z\u00f6tt szerepelt a r\u00f3mai Capitoliumon tartott \u201eEmberis\u00e9g K\u00f6zgy\u0171l\u00e9se\u201d \u00e9s a Szent P\u00e9ter t\u00e9ren megrendezett esti koncert, amelynek c\u00edme <i>Grace for the World (Kegyelem a vil\u00e1gnak)<\/i> volt. Az esem\u00e9nyt a Disney+, a Hulu \u00e9s az ABCNews k\u00f6zvet\u00edtette.<\/b><\/p>\n<p><b>A fell\u00e9p\u0151k k\u00f6z\u00f6tt olyan m\u0171v\u00e9szek voltak, mint Andrea Bocelli \u00e9s Jennifer Hudson, de vitatottabb szem\u00e9lyis\u00e9gek is, k\u00f6zt\u00fck a kolumbiai reggaeton \u00e9s urban pop \u00e9nekesn\u0151, Karol G \u2013 aki fell\u00e9pett a 2022-es madridi Pride March-on, \u00e9s akinek munk\u00e1ss\u00e1g\u00e1ban \u201equeer t\u00e9m\u00e1k\u201d is megjelennek \u2013, az amerikai hiphop du\u00f3 <\/b><a href=\"https:\/\/www.youtube.com\/watch?v=mbIJrV8Tn9w&amp;list=RDmbIJrV8Tn9w&amp;start_radio=1\"><b>Clipse<\/b><\/a><b>, valamint a thaif\u00f6ldi rapper BamBam.<\/b><\/p>\n<p><b>A Vatik\u00e1n bejelentette, hogy az est\u00e9t \u201e3500 dr\u00f3n l\u00e1tv\u00e1nyos bemutat\u00f3ja teszi egyed\u00fcl\u00e1ll\u00f3v\u00e1, amelyek megvil\u00e1g\u00edtj\u00e1k a Szent P\u00e9ter-bazilika kupol\u00e1ja feletti eget\u201d. Gambetti b\u00edboros megjegyezte, hogy a dr\u00f3nok Ferenc p\u00e1pa arc\u00e1t \u00e9s a Sixtus-k\u00e1polna k\u00e9peit vet\u00edtik majd a kupol\u00e1ra. V\u00e9g\u00fcl azonban Ferenc p\u00e1pa arca <\/b><a href=\"https:\/\/x.com\/gmanews\/status\/1967035544220615083\"><b>a kupola k\u00f6r\u00fcli leveg\u0151ben<\/b><\/a><b>jelent meg.<\/b><\/p>\n<p style=\"text-align: justify;\"><b>M\u00fcller b\u00edboros:<\/b> Neh\u00e9z elhinni. Ahogyan eredetileg bemutatt\u00e1k, az \u00f3kori apote\u00f3zisra eml\u00e9keztetett, amikor a r\u00f3mai szen\u00e1tus pog\u00e1ny istens\u00e9gnek nyilv\u00e1n\u00edtotta a cs\u00e1sz\u00e1rt, vagy a moszkvai V\u00f6r\u00f6s t\u00e9rre, ahol Szt\u00e1lin \u00e9s Lenin hatalmas k\u00e9pei \u00faj b\u00e1lv\u00e1nyk\u00e9nt magasodtak. V\u00e9gs\u0151 form\u00e1j\u00e1ban azonban valami m\u00e1st id\u00e9zett fel \u2013 azt az \u00e9rz\u00e9st, hogy a Nagy Testv\u00e9r figyel minket.<\/p>\n<p style=\"text-align: justify;\">Hagyn\u00e1k pihenni Ferenc p\u00e1p\u00e1t. Kereszt\u00e9nyekk\u00e9nt im\u00e1dkozunk a halottak\u00e9rt, hogy lelk\u00fck a purgat\u00f3riumb\u00f3l a mennybe jusson. M\u00e9g a szentt\u00e9 avatottakat is Isten dics\u0151s\u00e9g\u00e9\u00e9rt tisztelik, \u00e9s nem posztumusz h\u00edrnev\u00fck\u00e9rt. Ker\u00fcln\u00fcnk kell minden szem\u00e9lyi kultuszt, ami pog\u00e1ny magatart\u00e1s.<\/p>\n<p style=\"text-align: justify;\">A Szent P\u00e9ter-bazilika J\u00e9zus Krisztus egyetemes Egyh\u00e1z\u00e1nak szimb\u00f3luma, aki Szent P\u00e9ter szikl\u00e1j\u00e1ra alap\u00edtotta azt. P\u00e9ter ut\u00f3djak\u00e9nt a r\u00f3mai p\u00fcsp\u00f6k\u00f6t arra h\u00edvt\u00e1k el, hogy al\u00e1zatos \u201eKrisztus helytart\u00f3ja\u201d legyen, nem pedig \u201eKrisztus ut\u00f3dja\u201d (ahogy azt a L\u2019Osservatore Romano egyszer t\u00e9vesen \u00e1ll\u00edtotta), aki saj\u00e1t elk\u00e9pzel\u00e9seivel vagy tan\u00edt\u00e1saival eg\u00e9sz\u00edti ki az isteni kinyilatkoztat\u00e1st.<\/p>\n<p style=\"text-align: justify;\">Milyen \u00fczenetet k\u00f6zvet\u00edt a vil\u00e1gnak Ferenc p\u00e1pa arc\u00e1nak \u2013 \u00e9s nem J\u00e9zus Krisztus arc\u00e1nak \u2013 kivet\u00edt\u00e9se? Egy ilyen megjelen\u00edt\u00e9s teljesen helytelen. M\u00e9g a szent p\u00e1p\u00e1k k\u00e9p\u00e9t sem szabadna soha ilyen m\u00f3don felhaszn\u00e1lni, mintha \u0151k egy kl\u00edma-vall\u00e1s vagy humanit\u00e1rius testv\u00e9ris\u00e9g b\u00e1lv\u00e1nyai lenn\u00e9nek, akik megfosztott\u00e1k Isten atyas\u00e1g\u00e1t\u00f3l \u00e9s egyetlen fi\u00e1t\u00f3l, J\u00e9zus Krisztust\u00f3l, a vil\u00e1g egyetlen Megv\u00e1lt\u00f3j\u00e1t\u00f3l.<\/p>\n<p><strong>Amikor a katolikus misszion\u00e1riusok pog\u00e1ny f\u00f6ldekre l\u00e9ptek, az egyik els\u0151 cselekedet\u00fck az volt, hogy elpuszt\u00edtott\u00e1k a b\u00e1lv\u00e1nyokat. Gondolja, hogy ma is sz\u00fcks\u00e9g van egyfajta \u201eb\u00e1lv\u00e1nyok \u00f6sszet\u00f6r\u00e9s\u00e9re\u201d az egyh\u00e1zon bel\u00fcl?<\/strong><\/p>\n<p style=\"text-align: justify;\">Term\u00e9szetesen, ism\u00e9t vissza\u00e9ltek a Szent P\u00e9ter-bazilik\u00e1val, ez\u00fattal alig egy h\u00e9ttel az \u00fagynevezett \u201eLGBT jubileumi zar\u00e1ndoklat\u201d ut\u00e1n.<\/p>\n<p style=\"text-align: justify;\">A Szent P\u00e9ter-bazilika egy kereszt\u00e9ny templom, a katolicizmus szimb\u00f3luma. K\u00f6z\u00e9ppontj\u00e1ban maga Isten \u00e1ll \u2013 J\u00e9zus Krisztus val\u00f3s jelenl\u00e9te a legszentebb szents\u00e9gben. A szervez\u0151k azonban \u00e1tadt\u00e1k egy szekulariz\u00e1lt vil\u00e1gnak, \u00e9s egy olyan ideol\u00f3gia platformj\u00e1v\u00e1 alak\u00edtott\u00e1k, amely v\u00e9gs\u0151 soron ellent\u00e9tes az isteni kinyilatkoztat\u00e1son alapul\u00f3 katolikus hittel. Az ilyen kompromisszum a vil\u00e1ggal k\u00f6zvetlen\u00fcl ellentmond Isten J\u00e9zus Krisztusban val\u00f3 kinyilatkoztat\u00e1s\u00e1nak. Mert, ahogy az \u00dar mondta: \u201e<strong><em>Ha a vil\u00e1g szeret titeket, akkor nem vagytok az \u00e9n tan\u00edtv\u00e1nyaim<\/em><\/strong>\u201d (v\u00f6. Jn 15,18\u201319).<\/p>\n<p><b>A \u201eKegyelem a vil\u00e1gnak\u201d koncert programj\u00e1ban szerepelt az Ave Maria, a Magnificat \u00e9s Rossini <i>Domine Deus<\/i><\/b><strong> c\u00edm\u0171 m\u0171ve, de ezeket vil\u00e1gi zene \u00e9s sokak szerint zavaros \u00fczenetek kevert\u00e9k. A <\/strong><a href=\"https:\/\/x.com\/abc\/status\/1966952985084264738?s=46\"><b>komment\u00e1rokban<\/b><\/a><strong>, amelyeket a teleprompterr\u0151l olvastak fel, azaz a szervez\u0151k \u00edrtak meg, Pharrell Williams azt k\u00e9rdezte: \u201eMi a kegyelem? A kegyelem egy f\u00e9ny, amely mindannyiunkban \u00e9l, \u00e9s arra v\u00e1r, hogy megosszuk, nem csak egy \u00e1ld\u00e1s, amelyet kapunk, hanem egy er\u0151, amelyet egym\u00e1snak adunk. Minden kult\u00fara, minden nyelv, minden t\u00f6rt\u00e9net alatt ugyanaz a l\u00e9legzet, ugyanaz a szellem, ugyanaz a f\u00e9ny, az univerzum f\u00e9nye, \u201eminden, ami van, \u00e9s ami valaha is lesz\u201d. [\u2026] Foghatn\u00e1nk meg egym\u00e1s kez\u00e9t egy pillanatra, \u00e9s megn\u00e9zhetn\u00e9nk a benn\u00fcnk l\u00e9v\u0151 f\u00e9nyt? Sr\u00e1cok, emelj\u00e9tek fel a mobiltelefonjaitokat, \u00e9s kapcsolj\u00e1tok be a l\u00e1mp\u00e1kat!\u201d<\/strong><\/p>\n<p style=\"text-align: justify;\">A kegyelem egy term\u00e9szetfeletti aj\u00e1nd\u00e9k, amely csak Istent\u0151l, Aty\u00e1nkt\u00f3l \u00e9rkezik hozz\u00e1nk J\u00e9zus Krisztuson kereszt\u00fcl, \u00e9s egyes\u00edt minket Vele \u00e9s egym\u00e1ssal Benne. Ker\u00fcln\u00fcnk kell a kereszt\u00e9ny kifejez\u00e9sek eredet\u00fckt\u0151l \u00e9s c\u00e9ljukt\u00f3l, nevezetesen a Szenth\u00e1roms\u00e1gt\u00f3l \u00e9s az Ige megtestes\u00fcl\u00e9s\u00e9t\u0151l elv\u00e1lasztott haszn\u00e1lat\u00e1t. Az ilyen \u00fczenetek, k\u00fcl\u00f6n\u00f6sen ha a Szent P\u00e9ter-bazilika h\u00e1tter\u00e9ben hangzanak el, zavart keltenek, \u00e9s pelagianizmushoz vagy puszt\u00e1n horizont\u00e1lis humanizmushoz vezetnek. J\u00e9zus azt mondta: \u201e<em>\u00c9n vagyok a sz\u0151l\u0151, ti az \u00e1gak. Aki bennem marad, \u00e9s \u00e9n \u0151benne, az hoz sok gy\u00fcm\u00f6lcs\u00f6t, mert n\u00e9lk\u00fclem semmit sem tudtok cselekedni<\/em>\u201d (Jn 15,5).<\/p>\n<p style=\"text-align: justify;\">Mi k\u00f6ze van a Szent R\u00f3mai Egyh\u00e1z bazilik\u00e1j\u00e1nak mindezekhez az \u00f6nmegv\u00e1lt\u00e1si programokhoz? Az ilyen esem\u00e9nyek ink\u00e1bb arra ir\u00e1nyulnak, hogy a katolikus egyh\u00e1zat az ENSZ egyfajta vezet\u0151jek\u00e9nt \u00e1br\u00e1zolj\u00e1k, a p\u00e1p\u00e1t pedig szekulariz\u00e1lt k\u00e1pl\u00e1nn\u00e1 alacsony\u00edts\u00e1k, mintsem arra, hogy az egyh\u00e1z hirdesse az evang\u00e9liumot \u00e9s egyed\u00fcl \u00e1lljon J\u00e9zus Krisztus keresztje alatt.<\/p>\n<p style=\"text-align: justify;\">\u00c9s mikor emelik ezek a csoportok hangjukat a kereszt\u00e9nyek vil\u00e1gszerte t\u00f6rt\u00e9n\u0151 \u00fcld\u00f6z\u00e9se vagy a t\u00f6rt\u00e9nelmileg kereszt\u00e9ny nemzetek szisztematikus dekristianiz\u00e1l\u00e1sa ellen? Nincs tiltakoz\u00e1s, csak csend van.<\/p>\n<p><b>A Vatik\u00e1nban<\/b><a href=\"https:\/\/www.youtube.com\/watch?v=y7XLwoBqgsU\"><b> tartott sajt\u00f3t\u00e1j\u00e9koztat\u00f3n<\/b><\/a><b> az esem\u00e9ny el\u0151tt Gambetti b\u00edboros szervez\u0151t Leo p\u00e1pa k\u00f6zelm\u00faltbeli, politikai vezet\u0151knek c\u00edmzett besz\u00e9d\u00e9re utaltam, amelyben hangs\u00falyozta Krisztus k\u00f6zponti szerep\u00e9t, \u00e9s azt mondta nekik: \u201enem meglep\u0151, hogy az \u00bb\u00e9rt\u00e9kek\u00ab n\u00e9pszer\u0171s\u00edt\u00e9se, b\u00e1rmilyen evang\u00e9liumi is legyen, de Krisztus, aki azok szerz\u0151je, \u00bbki\u00fcr\u00edt\u00e9s\u00e9vel\u00ab hat\u00e1stalan marad a vil\u00e1g megv\u00e1ltoztat\u00e1s\u00e1ban\u201d.<\/b><\/p>\n<p><strong>Ezt szembe\u00e1ll\u00edtottam az esem\u00e9ny sajt\u00f3k\u00f6zlem\u00e9ny\u00e9vel, amely nem tett eml\u00edt\u00e9st J\u00e9zus Krisztusr\u00f3l, s\u0151t, od\u00e1ig ment, hogy kijelentette: \u201eAz egyetlen horizontot kell keresn\u00fcnk, azaz a testv\u00e9ris\u00e9g \u00e1ltal t\u00e1pl\u00e1lt emberis\u00e9get.\u201d Arra a k\u00e9rd\u00e9sre, hogy ez a k\u00e9t elk\u00e9pzel\u00e9s hogyan \u00f6sszeegyeztethet\u0151, Gambetti b\u00edboros azt v\u00e1laszolta, hogy az inkarn\u00e1ci\u00f3 r\u00e9v\u00e9n \u00f6sszeegyeztethet\u0151, hozz\u00e1t\u00e9ve, hogy minden ember \u00e9let\u00e9ben \u201e\u00fajra kell felfedezn\u00fcnk az isteni\u201d jelenl\u00e9t\u00e9t. Egyesek sz\u00e1m\u00e1ra v\u00e1lasza egy\u00e9rtelm\u0171en Rahneri hangz\u00e1s\u00fa volt.<\/strong><a href=\"https:\/\/dianemontagna.substack.com\/p\/cardinal-muller-raises-concerns-over#_ftn1\"><b>[1]<\/b><\/a><\/p>\n<p style=\"text-align: justify;\">Nem hiszem, hogy Karl Rahner transzcendent\u00e1lis teol\u00f3gi\u00e1ja annyira ismert lenne. A b\u00edboros \u00fagy t\u0171nik, hogy hiszi, hogy b\u00e1rhol is keress\u00e9k az emberek az igazs\u00e1got \u00e9s a j\u00f3s\u00e1got, Isten kegyelme m\u00e1r Krisztusban m\u0171k\u00f6dik, m\u00e9g akkor is, ha a keres\u0151k m\u00e9g nem tudnak r\u00f3la.<\/p>\n<p style=\"text-align: justify;\">A term\u00e9szet nyitotts\u00e1ga a kegyelem ir\u00e1nt k\u00f6zvetlen ellent\u00e9tben \u00e1ll a term\u00e9szetfeletti kegyelem naturaliz\u00e1l\u00e1s\u00e1val, amely egy Isten \u00e9s J\u00e9zus Krisztus n\u00e9lk\u00fcli humanizmusban tal\u00e1lhat\u00f3. Az Egyh\u00e1znak mindig \u00e9s mindenhol be kell vallania Krisztust, \u00e9s a j\u00f3 sz\u00e1nd\u00e9k\u00fa embereket hozz\u00e1 kell vezetnie. A vil\u00e1g megv\u00e1lt\u00e1sa csak J\u00e9zus Krisztusban val\u00f3sulhat meg, aki nem puszt\u00edtja el a term\u00e9szetet, hanem az \u0150 szents\u00e9gi Egyh\u00e1z\u00e1nak k\u00fcldet\u00e9s\u00e9n kereszt\u00fcl emeli azt Istenhez.<\/p>\n<p style=\"text-align: justify;\">Az Egyh\u00e1znak soha nem szabad hagyni, hogy \u00f6nmegv\u00e1lt\u00e1si programok vagy az ember alkotta liber\u00e1lis vagy szocialista \u00faj vil\u00e1grend-v\u00edzi\u00f3k eszk\u00f6z\u00e9v\u00e9 v\u00e1ljon, amelyek ellentmondanak J\u00e9zus Krisztusban, a vil\u00e1g egyetlen Megv\u00e1lt\u00f3j\u00e1ban val\u00f3 hit\u00fcnknek.<\/p>\n<p><strong>A Vil\u00e1gtal\u00e1lkoz\u00f3 az emberi testv\u00e9ris\u00e9gr\u0151l jelent\u0151s vil\u00e1gi \u00e9s p\u00e9nz\u00fcgyi t\u00e1mogat\u00e1st kapott.<\/strong><\/p>\n<p style=\"text-align: justify;\">N\u00e9h\u00e1nyan, akik t\u00e1mogatj\u00e1k ezeket a kezdem\u00e9nyez\u00e9seket \u2013 \u00e9s akiknek \u00e9rdekei nem egyeztethet\u0151k \u00f6ssze az egyh\u00e1z\u00e9val \u2013, \u00e1t akarj\u00e1k alak\u00edtani a katolikus egyh\u00e1zat, \u00e9s a Szentsz\u00e9k tekint\u00e9ly\u00e9t akarj\u00e1k felhaszn\u00e1lni, hogy el\u0151mozd\u00edts\u00e1k szabadk\u0151m\u0171ves, szocialista vagy kapitalista c\u00e9ljaikat. Ez nem igazi testv\u00e9ris\u00e9g. Az igazi testv\u00e9ris\u00e9g nem l\u00e9tezhet Isten atyas\u00e1g\u00e1nak hi\u00e1ny\u00e1ban. \u00c9s ha valaki csak kiss\u00e9 is b\u00edr\u00e1lja ideol\u00f3gi\u00e1jukat, a testv\u00e9ris\u00e9gnek v\u00e9ge: az elt\u00e9r\u0151 v\u00e9lem\u00e9ny\u0171eket t\u00e1rsadalmilag kirekesztik \u00e9s megb\u00fcntetik.<\/p>\n<p style=\"text-align: justify;\">Ugyanezek az emberek kritiz\u00e1lt\u00e1k XVI. Benedeket \u00e9s II. J\u00e1nos P\u00e1lt is.<\/p>\n<p style=\"text-align: justify;\">Azt is el kell mondani, hogy a Fratelli Tutti nem eml\u00edti J\u00e9zust, mint a vil\u00e1g egyetlen Megv\u00e1lt\u00f3j\u00e1t. B\u00e1r p\u00e9ldak\u00e9nt hivatkoznak r\u00e1, nem mutatj\u00e1k be J\u00e9zus Krisztusk\u00e9nt, Isten Fiak\u00e9nt \u00e9s a vil\u00e1g isteni Megv\u00e1lt\u00f3jak\u00e9nt, aki megtestes\u00fclt, keresztre fesz\u00edtett\u00e9k, felt\u00e1madt \u00e9s a vil\u00e1g v\u00e9g\u00e9n visszat\u00e9r.<\/p>\n<p style=\"text-align: justify;\">A kereszt\u00e9ny \u00e9rtelemben vett emberi testv\u00e9ris\u00e9g nem csup\u00e1n egy tartoz\u00e1s \u00e9rz\u00e9se, hanem val\u00f3di \u00e9s szents\u00e9gi r\u00e9szv\u00e9tel Krisztus, a Fi\u00fa \u00e9s az Atya k\u00f6z\u00f6tti kapcsolatban, a Szentl\u00e9lekben. Ezzel szemben a szabadk\u0151m\u0171ves vagy kommunista \u00e9rtelemben vett \u201etestv\u00e9ris\u00e9g\u201d az emberis\u00e9g ellen\u0151rz\u00e9s\u00e9re \u00e9s uralm\u00e1ra t\u00f6rekszik \u2013 mint egy \u201eNagy Testv\u00e9r\u201d, aki figyel t\u00e9ged \u2013, \u00e9s ez diametr\u00e1lisan ellent\u00e9tes \u201eIsten gyermekeinek dics\u0151s\u00e9ges szabads\u00e1g\u00e1val\u201d (R\u00f3m 8,21).<\/p>\n<p><b>Az emberi testv\u00e9ris\u00e9gr\u0151l sz\u00f3l\u00f3 vil\u00e1gtal\u00e1lkoz\u00f3t m\u00e1r XIV. Le\u00f3 p\u00e1pa megv\u00e1laszt\u00e1sa el\u0151tt megtervezt\u00e9k. Mit gondolt a p\u00e1pa <\/b><a href=\"https:\/\/www.vatican.va\/content\/leo-xiv\/en\/events\/event.dir.html\/content\/vaticanevents\/en\/2025\/9\/12\/meeting-human-fraternity.html\"><b>besz\u00e9d\u00e9r\u0151l<\/b><\/a><b>, amelyet a r\u00e9sztvev\u0151knek mondott?<\/b><\/p>\n<p style=\"text-align: justify;\">\u00dagy gondolom, hogy XIV. Le\u00f3 p\u00e1pa hat\u00e9kony pasztor\u00e1lis m\u00f3dszert alkalmazott, amikor besz\u00e9d\u00e9t a term\u00e9szetes teol\u00f3gi\u00e1ra \u00e9s a k\u00f6z\u00f6s meggy\u0151z\u0151d\u00e9sekre alapozta, hasonl\u00f3an ahhoz, ahogyan Szent Tam\u00e1s Aquin\u00f3i a Summa contra Gentiles-ben teszi, miel\u0151tt hallgat\u00f3s\u00e1g\u00e1t Isten kinyilatkoztat\u00e1s\u00e1hoz vezeti az \u00fcdv\u00f6ss\u00e9g t\u00f6rt\u00e9net\u00e9ben, amelyet mind az \u00d3sz\u00f6vets\u00e9g, mind az \u00dajsz\u00f6vets\u00e9g tan\u00fas\u00edt, \u00e9s amely J\u00e9zus Krisztusban cs\u00facsosodik ki, aki nek\u00fcnk adta az egyetemes szeretet \u00faj t\u00f6rv\u00e9ny\u00e9t.<\/p>\n<p style=\"text-align: justify;\">A J\u00e1nos evang\u00e9lium\u00e1b\u00f3l vett id\u00e9zettel z\u00e1rva a p\u00e1pa megnyitja a horizontot az Atya \u00e9s Fia, J\u00e9zus, a megtestes\u00fclt Ige fel\u00e9, m\u00e9g azok sz\u00e1m\u00e1ra is, akik m\u00e9g nem fogadt\u00e1k el a kereszt\u00e9ny hitet. <i>Ez<\/i> az egyetemes testv\u00e9ris\u00e9g k\u00f6lcs\u00f6n\u00f6s szeretete nem az egydimenzi\u00f3s, horizont\u00e1lis, szentiment\u00e1lis szeretet, amelyet a szabadk\u0151m\u0171vesek vagy a szocialist\u00e1k hirdetnek, hanem a H\u00e1roms\u00e1gos Istent\u0151l \u00e1rad\u00f3 szeretet. Ez a d\u00f6nt\u0151 k\u00fcl\u00f6nbs\u00e9g a Krisztusban h\u00edv\u0151k \u00e9s a puszt\u00e1n j\u00f3 sz\u00e1nd\u00e9k\u00fa emberek, s\u0151t m\u00e9g ink\u00e1bb azok k\u00f6z\u00f6tt, akik ideol\u00f3gi\u00e1juk szerint \u00faj vil\u00e1grendet akarnak l\u00e9trehozni.<\/p>\n<p style=\"text-align: justify;\">Ez\u00e9rt J\u00e9zus \u00edgy sz\u00f3lt tan\u00edtv\u00e1nyaihoz: \u201eHa szerettek engem, megtartj\u00e1tok az \u00e9n parancsaimat. \u00c9n pedig az Aty\u00e1hoz im\u00e1dkozom, \u00e9s \u0151 m\u00e1s Vigasztal\u00f3t ad nektek, hogy \u00f6r\u00f6kk\u00e9 veletek legyen, az igazs\u00e1g Lelk\u00e9t, akit a vil\u00e1g nem tud befogadni, mert nem l\u00e1tja \u00e9s nem ismeri; ti ismeritek \u0151t, mert veletek lakozik, \u00e9s bennetek lesz\u201d (Jn 14,15-17).<\/p>\n<p><a href=\"https:\/\/dianemontagna.substack.com\/p\/cardinal-muller-raises-concerns-over#_ftnref1\">[1]<\/a> <i>Karl Rahner (1904-1984) n\u00e9met jezsuita teol\u00f3gus azt \u00e1ll\u00edtja, hogy a \u201eterm\u00e9szetfeletti egzisztenci\u00e1lis\u201d minden emberben Isten \u00e1ltal adott, bels\u0151 orient\u00e1ci\u00f3 az isteni kegyelem \u00e9s az Istennel val\u00f3 k\u00f6z\u00f6ss\u00e9g fel\u00e9, amely testv\u00e9ris\u00e9get teremt minden ember k\u00f6z\u00f6tt, mert k\u00f6z\u00f6s term\u00e9szetfeletti sorsot ad nek\u00fcnk, f\u00fcggetlen\u00fcl a kifejezett hitt\u0151l.<\/i><\/p>\n<p>Forr\u00e1s: Diana Montagna<\/p>\n","protected":false},"excerpt":{"rendered":"<p>\u201eDogmatikus teol\u00f3gusk\u00e9nt nem akarok diplom\u00e1ciai lenni. A katolikus egyh\u00e1znak hirdetnie kell az igazs\u00e1got, de ellentmondania kell a hazugs\u00e1goknak is.\u201d<\/p>\n","protected":false},"author":3,"featured_media":7085,"comment_status":"closed","ping_status":"closed","sticky":false,"template":"","format":"standard","meta":{"h5ap_radio_sources":[],"footnotes":""},"categories":[1516],"tags":[116,438,668,44,719,486,185,102,293,227,297,54,187,55,348,686,51,78,61,39,115,144,50,47,131,52,294,1147],"class_list":["post-7074","post","type-post","status-publish","format-standard","has-post-thumbnail","hentry","category-diane-montagna","tag-biblia","tag-biboros","tag-bun","tag-egyhaz","tag-eretnekseg","tag-erkolcs","tag-ersek","tag-evangelium","tag-hagyomany","tag-ii-vatikani-zsinat","tag-isten","tag-jezus","tag-katolikus","tag-krisztus","tag-liberalizmus","tag-lmbtq","tag-oszovetseg","tag-papa","tag-puspok","tag-szent","tag-szentiras","tag-szentlelek","tag-szentmise","tag-tanitas","tag-templom","tag-ujszovetseg","tag-vallas","tag-woke"],"_links":{"self":[{"href":"https:\/\/actio-catholica.hu\/index.php\/wp-json\/wp\/v2\/posts\/7074","targetHints":{"allow":["GET"]}}],"collection":[{"href":"https:\/\/actio-catholica.hu\/index.php\/wp-json\/wp\/v2\/posts"}],"about":[{"href":"https:\/\/actio-catholica.hu\/index.php\/wp-json\/wp\/v2\/types\/post"}],"author":[{"embeddable":true,"href":"https:\/\/actio-catholica.hu\/index.php\/wp-json\/wp\/v2\/users\/3"}],"replies":[{"embeddable":true,"href":"https:\/\/actio-catholica.hu\/index.php\/wp-json\/wp\/v2\/comments?post=7074"}],"version-history":[{"count":1,"href":"https:\/\/actio-catholica.hu\/index.php\/wp-json\/wp\/v2\/posts\/7074\/revisions"}],"predecessor-version":[{"id":7077,"href":"https:\/\/actio-catholica.hu\/index.php\/wp-json\/wp\/v2\/posts\/7074\/revisions\/7077"}],"wp:featuredmedia":[{"embeddable":true,"href":"https:\/\/actio-catholica.hu\/index.php\/wp-json\/wp\/v2\/media\/7085"}],"wp:attachment":[{"href":"https:\/\/actio-catholica.hu\/index.php\/wp-json\/wp\/v2\/media?parent=7074"}],"wp:term":[{"taxonomy":"category","embeddable":true,"href":"https:\/\/actio-catholica.hu\/index.php\/wp-json\/wp\/v2\/categories?post=7074"},{"taxonomy":"post_tag","embeddable":true,"href":"https:\/\/actio-catholica.hu\/index.php\/wp-json\/wp\/v2\/tags?post=7074"}],"curies":[{"name":"wp","href":"https:\/\/api.w.org\/{rel}","templated":true}]}}