{"id":7198,"date":"2025-12-12T09:15:02","date_gmt":"2025-12-12T08:15:02","guid":{"rendered":"https:\/\/actio-catholica.hu\/?p=7198"},"modified":"2025-12-12T09:01:24","modified_gmt":"2025-12-12T08:01:24","slug":"bibliai-versek-kriminalizalasa-kanadai-torvenyhozok-a-vallasi-kifejezesmodra-celoznak-a-javasolt-gyuloletbeszed-modositassal","status":"publish","type":"post","link":"https:\/\/actio-catholica.hu\/index.php\/2025\/12\/12\/bibliai-versek-kriminalizalasa-kanadai-torvenyhozok-a-vallasi-kifejezesmodra-celoznak-a-javasolt-gyuloletbeszed-modositassal\/","title":{"rendered":"Bibliai versek kriminaliz\u00e1l\u00e1sa? Kanadai t\u00f6rv\u00e9nyhoz\u00f3k a vall\u00e1si kifejez\u00e9sm\u00f3dra c\u00e9loznak a javasolt \u201egy\u0171l\u00f6letbesz\u00e9d\u201d m\u00f3dos\u00edt\u00e1ssal"},"content":{"rendered":"<div dir=\"auto\"><em>A sz\u00f3l\u00e1sszabads\u00e1g h\u00edveit riadalommal t\u00f6lt\u0151 l\u00e9p\u00e9sk\u00e9nt a kanadai Liber\u00e1lis P\u00e1rt tagjai engedtek a quebeci ultra-szekul\u00e1ris szeparatista p\u00e1rt nyom\u00e1s\u00e1nak, \u00e9s megszavazt\u00e1k, hogy a szigor\u00fa C-9 t\u00f6rv\u00e9ny, m\u00e1s n\u00e9ven a gy\u0171l\u00f6letbesz\u00e9d elleni t\u00f6rv\u00e9ny r\u00e9szek\u00e9nt elt\u00f6r\u00f6lj\u00e9k a vall\u00e1si kifejez\u00e9sekre vonatkoz\u00f3, r\u00e9g\u00f3ta fenn\u00e1ll\u00f3 kiv\u00e9telt a gy\u0171l\u00f6letbesz\u00e9dre vonatkoz\u00f3 t\u00f6rv\u00e9nyekb\u0151l.<\/em><br \/>\n<em>Papok \u00e1llnak a kanadai Ontario \u00e1llamban tal\u00e1lhat\u00f3 Martyrs&#8217; Shrine el\u0151tt<\/em><\/div>\n<p><!--more--><\/p>\n<div dir=\"auto\" style=\"text-align: justify;\"><img loading=\"lazy\" decoding=\"async\" class=\"aligncenter wp-image-7199\" src=\"https:\/\/actio-catholica.hu\/wp-content\/uploads\/2025\/12\/standard.clergy_visiting_shrine_church_80.jpg\" alt=\"\" width=\"850\" height=\"693\" srcset=\"https:\/\/actio-catholica.hu\/wp-content\/uploads\/2025\/12\/standard.clergy_visiting_shrine_church_80.jpg 535w, https:\/\/actio-catholica.hu\/wp-content\/uploads\/2025\/12\/standard.clergy_visiting_shrine_church_80-300x244.jpg 300w\" sizes=\"auto, (max-width: 850px) 100vw, 850px\" \/>Kanada b\u00fcntet\u0151 t\u00f6rv\u00e9nyk\u00f6nyve r\u00e9g\u00f3ta v\u00e9di a j\u00f3hiszem\u0171 vall\u00e1si megnyilv\u00e1nul\u00e1sokat egy egy\u00e9rtelm\u0171 kiv\u00e9tellel, miszerint a besz\u00e9d nem min\u0151s\u00fcl gy\u0171l\u00f6letkelt\u0151 propagand\u00e1nak, \u201e<em>ha a szem\u00e9ly j\u00f3hiszem\u0171en kifejezte vagy \u00e9rvel\u00e9ssel megpr\u00f3b\u00e1lta al\u00e1t\u00e1masztani egy vall\u00e1si t\u00e9m\u00e1val kapcsolatos v\u00e9lem\u00e9ny\u00e9t vagy egy vall\u00e1si sz\u00f6vegben val\u00f3 hit\u00e9n alapul\u00f3 v\u00e9lem\u00e9ny\u00e9t<\/em>\u201d.<\/p>\n<\/div>\n<div dir=\"auto\">Kedden este ezt a v\u00e9delmet a Bloc Qu\u00e9b\u00e9cois ragaszkod\u00e1s\u00e1ra k\u00f6nnyed\u00e9n elt\u00f6r\u00f6lt\u00e9k.<\/p>\n<\/div>\n<h3 dir=\"auto\">A CBC r\u00e9szletesen besz\u00e1molt a tov\u00e1bbi esem\u00e9nyekr\u0151l:<\/p>\n<\/h3>\n<div dir=\"auto\" style=\"text-align: justify;\">A folyamat \u00fagy t\u0171nt, megakadt, miut\u00e1n a t\u00f6rv\u00e9nyjavaslatot megvitat\u00f3 bizotts\u00e1gi \u00fcl\u00e9s a m\u00falt h\u00e9ten hirtelen lemond\u00e1sra ker\u00fclt. A CBC News h\u00e1rom forr\u00e1sa szerint a t\u00f6rv\u00e9nyjavaslatot az\u00e9rt tartott\u00e1k vissza, mert Sean Fraser igazs\u00e1g\u00fcgyi miniszter hivatala a minisztereln\u00f6ki hivatal beleegyez\u00e9se n\u00e9lk\u00fcl k\u00f6t\u00f6tt meg\u00e1llapod\u00e1st a Bloc-kal. A keddi \u00fcl\u00e9st a m\u00falt heti lemond\u00e1s ut\u00e1n, az utols\u00f3 pillanatban t\u0171zt\u00e9k ki. A Bloc r\u00e9g\u00f3ta t\u00f6rekszik a vall\u00e1si mentess\u00e9g elt\u00f6rl\u00e9s\u00e9re, mondv\u00e1n, hogy a vall\u00e1s fedez\u00e9kk\u00e9nt szolg\u00e1lhat a gy\u0171l\u00f6let, p\u00e9ld\u00e1ul a homof\u00f3bia \u00e9s az antiszemitizmus terjeszt\u00e9s\u00e9re. Blanchet kijelentette, hogy p\u00e1rtja nem t\u00e1mogatja a t\u00f6rv\u00e9nyjavaslatot a m\u00f3dos\u00edt\u00e1s n\u00e9lk\u00fcl.<\/p>\n<\/div>\n<div dir=\"auto\" style=\"text-align: justify;\">A konzervat\u00edvok azonnal riad\u00f3t f\u00fajtak. Pierre Poilievre, a kanadai ellenz\u00e9k vezet\u0151je X-en figyelmeztetett, hogy a m\u00f3dos\u00edt\u00e1s \u201e<em>b\u0171ncselekm\u00e9nny\u00e9 min\u0151s\u00edten\u00e9 a Biblia, a Kor\u00e1n, a T\u00f3ra \u00e9s m\u00e1s szent sz\u00f6vegek egyes r\u00e9szeit<\/em>\u201d.<\/p>\n<\/div>\n<div dir=\"auto\" style=\"text-align: justify;\">A C-9-hez beny\u00fajtott liber\u00e1lis-blokkos m\u00f3dos\u00edt\u00e1sok a Biblia, a Kor\u00e1n, a T\u00f3ra \u00e9s m\u00e1s szent sz\u00f6vegek egyes r\u00e9szeit b\u0171ncselekm\u00e9nny\u00e9 nyilv\u00e1n\u00edtj\u00e1k.<\/p>\n<\/div>\n<div dir=\"auto\" style=\"text-align: justify;\">A konzervat\u00edvok ellenezni fogj\u00e1k a liber\u00e1lisok leg\u00fajabb t\u00e1mad\u00e1s\u00e1t a v\u00e9lem\u00e9nynyilv\u00e1n\u00edt\u00e1s \u00e9s a vall\u00e1sszabads\u00e1g ellen.<\/p>\n<\/div>\n<div dir=\"auto\">\u00cdrja al\u00e1 itt. V\u00e9dje a vall\u00e1sszabads\u00e1got. Tartsa t\u00e1vol a liber\u00e1lis gondolatrend\u0151rs\u00e9get a&#8230; <a href=\"http:\/\/pic.twitter.com\/WJXqUcMC8q\" target=\"_blank\" rel=\"noopener\" data-saferedirecturl=\"https:\/\/www.google.com\/url?q=http:\/\/pic.twitter.com\/WJXqUcMC8q&amp;source=gmail&amp;ust=1765610915802000&amp;usg=AOvVaw2hZlhMgoApMV6PdRypAV3A\">pic.twitter.com\/WJXqUcMC8q<\/a><br \/>\n\u2014 Pierre Poilievre (@PierrePoilievre) 2025. december 1.<\/div>\n<div dir=\"auto\">\u00a0<\/div>\n<div dir=\"auto\" style=\"text-align: justify;\">A keddi \u00fcl\u00e9sen Andrew Lawton konzervat\u00edv k\u00e9pvisel\u0151 azzal v\u00e1dolta a liber\u00e1lisokat \u00e9s a Bloc-ot, hogy \u201e<em>teljes k\u00f6r\u0171 t\u00e1mad\u00e1st ind\u00edtottak a vall\u00e1sszabads\u00e1g ellen<\/em>\u201d. Amikor a m\u00f3dos\u00edt\u00e1s m\u00e9gis elfogad\u00e1sra ker\u00fclt, a konzervat\u00edv k\u00e9pvisel\u0151k obstrukci\u00f3val k\u00e9nyszer\u00edtett\u00e9k ki a \u00fcl\u00e9s berekeszt\u00e9s\u00e9t, miel\u0151tt a cikkelyek egyenk\u00e9nti vizsg\u00e1lata befejez\u0151d\u00f6tt volna.<\/p>\n<\/div>\n<h3 dir=\"auto\"><img decoding=\"async\" class=\"an1\" draggable=\"false\" src=\"https:\/\/fonts.gstatic.com\/s\/e\/notoemoji\/16.0\/1f6a8\/32.png\" alt=\"\ud83d\udea8\" data-emoji=\"\ud83d\udea8\" aria-label=\"\ud83d\udea8\" \/> TELJES M\u00c9RT\u00c9K\u0170 T\u00c1MAD\u00c1S A VALL\u00c1S ELLEN <img decoding=\"async\" class=\"an1\" draggable=\"false\" src=\"https:\/\/fonts.gstatic.com\/s\/e\/notoemoji\/16.0\/1f6a8\/32.png\" alt=\"\ud83d\udea8\" data-emoji=\"\ud83d\udea8\" aria-label=\"\ud83d\udea8\" \/><\/p>\n<\/h3>\n<div dir=\"auto\" style=\"text-align: justify;\">A jogi bizotts\u00e1gban elt\u00f6lt\u00f6tt 8 \u00f3ra ut\u00e1n a liber\u00e1lisok \u00e9s a Bloc egy olyan m\u00f3dos\u00edt\u00e1st er\u0151ltettek \u00e1t, amely Kanad\u00e1t a vall\u00e1si meggy\u0151z\u0151d\u00e9s b\u00fcntethet\u0151v\u00e9 t\u00e9tele fel\u00e9 mozd\u00edtja el, f\u00fcggetlen\u00fcl a hit t\u00edpus\u00e1t\u00f3l.<\/p>\n<\/div>\n<div dir=\"auto\">Ez a v\u00f6r\u00f6s vonal.<\/p>\n<\/div>\n<div dir=\"auto\">Teljes vide\u00f3 al\u00e1bb <a href=\"http:\/\/pic.twitter.com\/FINeo9S8re\" target=\"_blank\" rel=\"noopener\" data-saferedirecturl=\"https:\/\/www.google.com\/url?q=http:\/\/pic.twitter.com\/FINeo9S8re&amp;source=gmail&amp;ust=1765610915802000&amp;usg=AOvVaw3RanBGfyX9lbGOjwUZbl59\">pic.twitter.com\/FINeo9S8re<\/a><br \/>\n\u2014 Northern Perspective (@NorthrnPrspectv) 2025. december 10.<\/div>\n<div dir=\"auto\">\u00a0<\/div>\n<div dir=\"auto\" style=\"text-align: justify;\">Fraser kanadai igazs\u00e1g\u00fcgyi miniszter, aki igyekezett elh\u00e1r\u00edtani a k\u00f6vetkezm\u00e9nyeket, azt \u00e1ll\u00edtotta, hogy a v\u00e1ltoz\u00e1s \u201e<em>nem kriminaliz\u00e1lja a hitet<\/em>\u201d \u00e9s \u201e<em>semmilyen form\u00e1ban nem akad\u00e1lyozza meg a vall\u00e1si vezet\u0151ket abban, hogy vall\u00e1si sz\u00f6vegeiket olvass\u00e1k<\/em>\u201d. A vall\u00e1sszabads\u00e1g tov\u00e1bbra is a Charta \u00e1ltal biztos\u00edtott jog marad, mondta Fraser \u2013 mintha a nyilv\u00e1nval\u00f3 t\u00e9ny megism\u00e9tl\u00e9se valahogy semleges\u00edten\u00e9 a kifejezett t\u00f6rv\u00e9nyi v\u00e9delem elt\u00e1vol\u00edt\u00e1s\u00e1nak visszatart\u00f3 hat\u00e1s\u00e1t.<\/p>\n<\/div>\n<div dir=\"auto\" style=\"text-align: justify;\">Fraser tov\u00e1bb\u00e1 azzal \u00e9rvelt, hogy a mentess\u00e9g \u201e<em>felesleges<\/em>\u201d, \u00e9s hogy a korm\u00e1ny nem tud olyan esetr\u0151l, amelyben ez valaha is felment\u00e9shez vezetett volna. Neh\u00e9z felid\u00e9zni, mikor dicsekedett utolj\u00e1ra a Carney-korm\u00e1ny azzal, hogy szigor\u00edtotta a t\u00f6rv\u00e9nyt, mert a megl\u00e9v\u0151re val\u00f3j\u00e1ban soha nem volt sz\u00fcks\u00e9g v\u00e9delemk\u00e9nt.<\/div>\n<blockquote>\n<div dir=\"auto\">Sheila Gunn Reid, a Rebel News munkat\u00e1rsa t\u00f6k\u00e9letesen \u00f6sszefoglalta a t\u00f6rv\u00e9nyjavaslattal szembeni ellen\u00e1ll\u00e1s\u00e1t.<br \/>\n\u201e<span style=\"color: #ff0000;\"><strong>Soha ne felejts\u00fck el: a COVID idej\u00e9n ugyanez a politikai elit lelk\u00e9szeket b\u00f6rt\u00f6n\u00f6z\u00f6tt be az\u00e9rt, mert istentiszteletet tartottak. Ha hajland\u00f3ak voltak lelk\u00e9szeket b\u00f6rt\u00f6nbe z\u00e1rni a pr\u00e9dik\u00e1l\u00e1s\u00e9rt, mit gondolnak, mit fognak tenni az \u00faj b\u00fcntet\u0151 t\u00f6rv\u00e9nyk\u00f6nyvben szerepl\u0151, kifejezetten a \u201evall\u00e1si ind\u00edttat\u00e1s\u00fa\u201d besz\u00e9dre ir\u00e1nyul\u00f3 jogosults\u00e1gokkal? M\u00e1r megtett\u00e9k kor\u00e1bban. Megint meg fogj\u00e1k tenni\u201d \u2013 \u00edrta. \u201eA C-9 t\u00f6rv\u00e9nyjavaslat nem gy\u0171l\u00f6letbesz\u00e9dr\u0151l sz\u00f3l. Hanem a hatalom megragad\u00e1s\u00e1r\u00f3l. A hit megc\u00e9lz\u00e1s\u00e1r\u00f3l. Cenz\u00far\u00e1r\u00f3l. \u00c9s le kell gy\u0151zni. Ha fontosnak tartj\u00e1k a sz\u00f3l\u00e1sszabads\u00e1got, a szabad istentiszteletet, a szabad gondolkod\u00e1st \u2013 akkor most kell megsz\u00f3lalniuk.<\/strong><\/span>\u201d<\/div>\n<\/blockquote>\n<div dir=\"auto\">A C-9 t\u00f6rv\u00e9nyjavaslat m\u00e9g nem l\u00e9pett hat\u00e1lyba, mivel m\u00e9g harmadik olvasatra v\u00e1r a K\u00e9pvisel\u0151h\u00e1zban, \u00e9s a Szen\u00e1tusban is el kell fogadni.<\/div>\n<div dir=\"auto\" style=\"text-align: right;\">Tyler Durden<\/div>\n","protected":false},"excerpt":{"rendered":"<p>A sz\u00f3l\u00e1sszabads\u00e1g h\u00edveit riadalommal t\u00f6lt\u0151 l\u00e9p\u00e9sk\u00e9nt a kanadai Liber\u00e1lis P\u00e1rt tagjai engedtek a quebeci ultra-szekul\u00e1ris szeparatista p\u00e1rt nyom\u00e1s\u00e1nak, \u00e9s megszavazt\u00e1k, hogy a szigor\u00fa C-9 t\u00f6rv\u00e9ny, m\u00e1s n\u00e9ven a gy\u0171l\u00f6letbesz\u00e9d elleni t\u00f6rv\u00e9ny r\u00e9szek\u00e9nt elt\u00f6r\u00f6lj\u00e9k a vall\u00e1si kifejez\u00e9sekre vonatkoz\u00f3, r\u00e9g\u00f3ta fenn\u00e1ll\u00f3 kiv\u00e9telt a gy\u0171l\u00f6letbesz\u00e9dre vonatkoz\u00f3 t\u00f6rv\u00e9nyekb\u0151l. Papok \u00e1llnak a kanadai Ontario \u00e1llamban tal\u00e1lhat\u00f3 Martyrs&#8217; Shrine el\u0151tt<\/p>\n","protected":false},"author":3,"featured_media":7200,"comment_status":"closed","ping_status":"closed","sticky":false,"template":"","format":"standard","meta":{"h5ap_radio_sources":[],"footnotes":""},"categories":[1528],"tags":[116,668,719,293,227,297,54,187,269,55,348,51,61,349,115,144,47,131,52,294],"class_list":["post-7198","post","type-post","status-publish","format-standard","has-post-thumbnail","hentry","category-zerohedge-com","tag-biblia","tag-bun","tag-eretnekseg","tag-hagyomany","tag-ii-vatikani-zsinat","tag-isten","tag-jezus","tag-katolikus","tag-keresztenyseg","tag-krisztus","tag-liberalizmus","tag-oszovetseg","tag-puspok","tag-satan","tag-szentiras","tag-szentlelek","tag-tanitas","tag-templom","tag-ujszovetseg","tag-vallas"],"_links":{"self":[{"href":"https:\/\/actio-catholica.hu\/index.php\/wp-json\/wp\/v2\/posts\/7198","targetHints":{"allow":["GET"]}}],"collection":[{"href":"https:\/\/actio-catholica.hu\/index.php\/wp-json\/wp\/v2\/posts"}],"about":[{"href":"https:\/\/actio-catholica.hu\/index.php\/wp-json\/wp\/v2\/types\/post"}],"author":[{"embeddable":true,"href":"https:\/\/actio-catholica.hu\/index.php\/wp-json\/wp\/v2\/users\/3"}],"replies":[{"embeddable":true,"href":"https:\/\/actio-catholica.hu\/index.php\/wp-json\/wp\/v2\/comments?post=7198"}],"version-history":[{"count":1,"href":"https:\/\/actio-catholica.hu\/index.php\/wp-json\/wp\/v2\/posts\/7198\/revisions"}],"predecessor-version":[{"id":7201,"href":"https:\/\/actio-catholica.hu\/index.php\/wp-json\/wp\/v2\/posts\/7198\/revisions\/7201"}],"wp:featuredmedia":[{"embeddable":true,"href":"https:\/\/actio-catholica.hu\/index.php\/wp-json\/wp\/v2\/media\/7200"}],"wp:attachment":[{"href":"https:\/\/actio-catholica.hu\/index.php\/wp-json\/wp\/v2\/media?parent=7198"}],"wp:term":[{"taxonomy":"category","embeddable":true,"href":"https:\/\/actio-catholica.hu\/index.php\/wp-json\/wp\/v2\/categories?post=7198"},{"taxonomy":"post_tag","embeddable":true,"href":"https:\/\/actio-catholica.hu\/index.php\/wp-json\/wp\/v2\/tags?post=7198"}],"curies":[{"name":"wp","href":"https:\/\/api.w.org\/{rel}","templated":true}]}}