{"id":7402,"date":"2026-04-29T12:00:32","date_gmt":"2026-04-29T10:00:32","guid":{"rendered":"https:\/\/actio-catholica.hu\/?p=7402"},"modified":"2026-04-29T11:46:50","modified_gmt":"2026-04-29T09:46:50","slug":"szakadas-a-lathataron-az-antwerpeni-puspok-hivatalosan-bejelenti-szandekat-hogy-hazas-papokat-szenteljen-fel","status":"publish","type":"post","link":"https:\/\/actio-catholica.hu\/index.php\/2026\/04\/29\/szakadas-a-lathataron-az-antwerpeni-puspok-hivatalosan-bejelenti-szandekat-hogy-hazas-papokat-szenteljen-fel\/","title":{"rendered":"Szakad\u00e1s a l\u00e1that\u00e1ron \u2013 az antwerpeni p\u00fcsp\u00f6k hivatalosan bejelenti sz\u00e1nd\u00e9k\u00e1t, hogy h\u00e1zas papokat szenteljen fel"},"content":{"rendered":"<p><em>XIV. Le\u00f3 p\u00e1pa egyh\u00e1z\u00e1t vil\u00e1gszerte er\u0151s centrifug\u00e1lis er\u0151k r\u00e1zz\u00e1k meg.\u00a0Flandri\u00e1ban Johann Bonny p\u00fcsp\u00f6k az antwerpeni egyh\u00e1zmegy\u00e9ben a zsinati folyamat v\u00e9grehajt\u00e1s\u00e1r\u00f3l sz\u00f3l\u00f3, pontosan egy h\u00f3nappal ezel\u0151tt k\u00f6zz\u00e9tett dokumentumban a k\u00f6vetkez\u0151ket \u00edrta, amelyben kifejezetten kijelenti, hogy h\u00e1zas f\u00e9rfiakat sz\u00e1nd\u00e9kozik felszentelni:<\/em><!--more--><\/p>\n<p><img loading=\"lazy\" decoding=\"async\" class=\"aligncenter wp-image-7403\" src=\"https:\/\/actio-catholica.hu\/wp-content\/uploads\/2026\/04\/Johan-Bonny-antwerpeni-puspok.jpg\" alt=\"\" width=\"850\" height=\"469\" srcset=\"https:\/\/actio-catholica.hu\/wp-content\/uploads\/2026\/04\/Johan-Bonny-antwerpeni-puspok.jpg 816w, https:\/\/actio-catholica.hu\/wp-content\/uploads\/2026\/04\/Johan-Bonny-antwerpeni-puspok-300x165.jpg 300w, https:\/\/actio-catholica.hu\/wp-content\/uploads\/2026\/04\/Johan-Bonny-antwerpeni-puspok-768x424.jpg 768w\" sizes=\"auto, (max-width: 850px) 100vw, 850px\" \/><\/p>\n<blockquote>\n<p>\u201eAmikor pl\u00e9b\u00e1ni\u00e1kat vagy pasztor\u00e1lis egys\u00e9geket l\u00e1togatok meg, rendszeresen tal\u00e1lkozom olyan emberekkel, akiket a k\u00f6z\u00f6ss\u00e9g j\u00f3 papnak tartana. Ahogyan \u00e9n magam is ismerek t\u00f6bb munkat\u00e1rsat, akik j\u00f3l megfeleln\u00e9nek a szentel\u00e9s jel\u00f6ltjeinek. Ezen okok miatt minden er\u0151fesz\u00edt\u00e9st megteszek annak \u00e9rdek\u00e9ben, hogy 2028-ra h\u00e1zas f\u00e9rfiakat szenteljek papokk\u00e1 egyh\u00e1zmegy\u00e9nkben. Szem\u00e9lyesen fogok megkeresni \u0151ket, \u00e9s gondoskodni fogok arr\u00f3l, hogy addigra megkapj\u00e1k a sz\u00fcks\u00e9ges teol\u00f3giai k\u00e9pz\u00e9st \u00e9s lelkip\u00e1sztori tapasztalatot, hasonl\u00f3an a t\u00f6bbi papjel\u00f6lth\u00f6z. Ez az el\u0151k\u00e9sz\u00edt\u00e9s \u00e1tl\u00e1that\u00f3, de diszkr\u00e9t lesz, t\u00e1vol a m\u00e9dia reflektorf\u00e9ny\u00e9t\u0151l. A k\u00f6vetkez\u0151 k\u00e9t \u00e9v arra is szolg\u00e1l majd, hogy biztos\u00edtsuk a sz\u00fcks\u00e9ges kommunik\u00e1ci\u00f3t \u00e9s egyeztet\u00e9seket mind a Belga P\u00fcsp\u00f6ki Konferenci\u00e1val, mind a Vatik\u00e1nnal, mivel tanulhatunk egym\u00e1s tapasztalataib\u00f3l \u00e9s megl\u00e1t\u00e1saib\u00f3l.\u201d (7. o.)<\/p>\n<\/blockquote>\n<p>Az Otheo nev\u0171 hivatalos flamand katolikus h\u00edrport\u00e1lnak adott interj\u00faban azt \u00e1ll\u00edtja, hogy ezt \u201e<em>lelkip\u00e1sztori sz\u00fcks\u00e9gszer\u0171s\u00e9gb\u0151l<\/em>\u201d teszi.<\/p>\n<p>A \u201e<em>Nem mag\u00e1nyos lovas vagy<\/em>?\u201d k\u00e9rd\u00e9sre \u00edgy v\u00e1laszol:<\/p>\n<blockquote>\n<p>Johan Bonny: \u201eEgy\u00e1ltal\u00e1n nem. Futballos \u00e9rtelemben k\u00f6z\u00e9pp\u00e1ly\u00e1snak tartom magam. El\u0151re akarom vinni a labd\u00e1t, hogy a csat\u00e1r a kapuba r\u00faghassa. T\u00fal sok\u00e1ig tartott m\u00e1r a hosszabb\u00edt\u00e1s. Vannak olyan r\u00e9gi\u00f3k, ahol m\u00e1r nincsenek papok. P\u00e1sztori v\u00e9szhelyzetbe ker\u00fcl\u00fcnk. Sok p\u00fcsp\u00f6k sz\u00e1m\u00e1ra a h\u00e1zas f\u00e9rfiak felszentel\u00e9se lelkiismereti k\u00e9rd\u00e9ss\u00e9 v\u00e1lt. Ahogy a dolgok most \u00e1llnak, t\u00e9nyleg nem fogjuk m\u00e1r b\u00edrni.\u201d<\/p>\n<\/blockquote>\n<p>Bonny \u00e9rvel\u00e9s\u00e9nek tov\u00e1bbi \u201e<em>szok\u00e1sos gyan\u00fas\u00edtottjai<\/em>\u201d k\u00f6z\u00e9 tartozik a n\u0151k felszentel\u00e9se, amelyr\u0151l \u00edgy \u00edr:<\/p>\n<blockquote>\n<p>\u201e<em>Egyh\u00e1zmegy\u00e9nkben tov\u00e1bbi l\u00e9p\u00e9seket fogok tenni egy olyan egyh\u00e1zi szolg\u00e1lat kialak\u00edt\u00e1sa \u00e9rdek\u00e9ben, amely f\u00e9rfiak \u00e9s n\u0151k sz\u00e1m\u00e1ra egyar\u00e1nt el\u00e9rhet\u0151, \u00e9s amely egyenl\u0151 r\u00e9szesed\u00e9st biztos\u00edt sz\u00e1mukra az egyh\u00e1z pasztor\u00e1lis \u00e9s adminisztrat\u00edv szolg\u00e1lat\u00e1ban. Terminol\u00f3giailag a legjobban a \u201elelk\u00e9sz\u201d szolg\u00e1latr\u00f3l besz\u00e9lhet\u00fcnk, ahogyan az a holland nyelvben szok\u00e1sos. A z\u00e1r\u00f3dokumentum lehet\u0151s\u00e9get biztos\u00edt arra, hogy a p\u00fcsp\u00f6k\u00f6k \u00faj, \u201ehivatalosan l\u00e9trehozott szolg\u00e1latokon\u201d dolgozzanak.<\/em>\u201d (5. o.)&#8221;<\/p>\n<\/blockquote>\n<h5><strong><span style=\"color: #339966;\">Szerkeszt\u0151:<\/span><\/strong><\/h5>\n<p style=\"padding-left: 40px;\"><span style=\"color: #339966;\">Mind a kett\u0151 dogma:<\/span><\/p>\n<ol>\n<li style=\"list-style-type: none;\">\n<ol>\n<li><span style=\"color: #339966;\">T\u00e9tel. Az egyh\u00e1zirend szents\u00e9g\u00e9t csak megkeresztelt f\u00e9rfi veheti f\u00f6l \u00e9rv\u00e9nyesen. [1096. oldal]<\/span><\/li>\n<li><span style=\"color: #339966;\">A latin Egyh\u00e1z helyesen \u00e9s az \u00dcdv\u00f6z\u00edt\u0151 sz\u00e1nd\u00e9ka szerint j\u00e1r el, mikor a nagyobb rendek visel\u0151it celib\u00e1tusra k\u00f6telezi. [1114. oldal]<\/span><\/li>\n<\/ol>\n<\/li>\n<\/ol>\n<p style=\"padding-left: 40px; text-align: right;\">Forr\u00e1s: Schh\u00fctz <strong><a href=\"https:\/\/actio-catholica.hu\/wp-content\/uploads\/2023\/01\/Schutz-Antal-Dogmatika.pdf\" target=\"_blank\" rel=\"noopener\">dogmatika k\u00f6nyv<\/a><\/strong><\/p>\n<p style=\"padding-left: 40px;\"><span style=\"color: #339966;\">Hitt\u00e9tel = Dogma.<br \/>\nVajon \u0151 ki lesz k\u00f6z\u00f6s\u00edtve eretneks\u00e9g miatt? Ugyanis a dogmatagad\u00e1s k\u00e1nonjogilag (1364.\u00a7 szerint) eretneks\u00e9g. Az FSSPX szentel\u0151 \u00e9s szentelt p\u00fcsp\u00f6keit (\u00e9s az als\u00f3 paps\u00e1got a h\u00edvekkel egyetemben) <strong><a href=\"https:\/\/actio-catholica.hu\/index.php\/2026\/04\/24\/ki-tepdesi-krisztus-tunikajat-interju-a-szent-x-pius-papi-testveriseg-generalis-eloljarojaval\/\" target=\"_blank\" rel=\"noopener\">ezzel fenyegetik<\/a><\/strong> a k\u00e1nonjog megs\u00e9rt\u00e9se miatt, az\u00e9rt mert 2026. j\u00falius 1.-n 4 p\u00fcsp\u00f6k\u00f6t szentel p\u00e1pai enged\u00e9ly n\u00e9lk\u00fcl.<br \/>\nVisszat\u00e9rve Antwerpen p\u00fcsp\u00f6k\u00e9nek terveihez, az vicces\ud83d\ude2d lesz a szentel\u00e9sekben (az\u00e9rt mert \u00e9rv\u00e9nytelen), hogy mindenki, aki r\u00e9szt vesz ezen &#8220;szenteltek&#8221; igeliturgi\u00e1j\u00e1n, azt fogja hinni, hogy<\/span><\/p>\n<ul>\n<li style=\"list-style-type: none;\">\n<ul>\n<li><span style=\"color: #339966;\">a &#8220;szentmise ut\u00e1nzatban&#8221; val\u00f3di konszekr\u00e1ci\u00f3n (\u00e1tv\u00e1ltoztat\u00e1s&#8221; t\u00f6rt\u00e9nik, \u00e9s igazi Olt\u00e1riszents\u00e9g v\u00e9tel\u00e9hez j\u00e1rulnak, pedig csak egy szimpla nagy zab\u00e1l\u00e1son vettek r\u00e9szt, mint az \u00f6sszes protest\u00e1ns az \u00darvacsora keret\u00e9ben.<\/span><\/li>\n<li><span style=\"color: #339966;\">ami pedig a legfontosabb k\u00f6vetkezm\u00e9ny, hogy azt fogj\u00e1k hinni a h\u00edvek, hogy a t\u00f6redelemben (gy\u00f3n\u00e1sban) \u00e9rv\u00e9nyes, val\u00f3di feloldoz\u00e1st kapnak b\u0171neik al\u00f3l, pedig dehogy.<br \/>\nEz viszont m\u00e1r a pokolba vezet\u0151 \u00fat, a h\u00edvek lelki\u00fcdv\u00e9vel val\u00f3 s\u00e1t\u00e1ni sz\u00f3rakoz\u00e1s.<br \/>\n<\/span><\/li>\n<\/ul>\n<\/li>\n<\/ul>\n<h5>Forr\u00e1s: rorate-caeli.blogspot.com<\/h5>\n","protected":false},"excerpt":{"rendered":"<p>XIV. Le\u00f3 p\u00e1pa egyh\u00e1z\u00e1t vil\u00e1gszerte er\u0151s centrifug\u00e1lis er\u0151k r\u00e1zz\u00e1k meg.\u00a0Flandri\u00e1ban Johann Bonny p\u00fcsp\u00f6k az antwerpeni egyh\u00e1zmegy\u00e9ben a zsinati folyamat v\u00e9grehajt\u00e1s\u00e1r\u00f3l sz\u00f3l\u00f3, pontosan egy h\u00f3nappal ezel\u0151tt k\u00f6zz\u00e9tett dokumentumban a k\u00f6vetkez\u0151ket \u00edrta, amelyben kifejezetten kijelenti, hogy h\u00e1zas f\u00e9rfiakat sz\u00e1nd\u00e9kozik felszentelni:<\/p>\n","protected":false},"author":3,"featured_media":5003,"comment_status":"closed","ping_status":"closed","sticky":false,"template":"","format":"standard","meta":{"h5ap_radio_sources":[],"footnotes":""},"categories":[1131],"tags":[1585,116,668,495,44,719,56,293,227,297,54,187,55,348,241,57,61,1586,115,144,47,131,52,294],"class_list":["post-7402","post","type-post","status-publish","format-standard","has-post-thumbnail","hentry","category-roratecaeli","tag-antwerpen","tag-biblia","tag-bun","tag-dogma","tag-egyhaz","tag-eretnekseg","tag-eucharisztia","tag-hagyomany","tag-ii-vatikani-zsinat","tag-isten","tag-jezus","tag-katolikus","tag-krisztus","tag-liberalizmus","tag-liturgia","tag-oltariszentseg","tag-puspok","tag-schhutz-antal","tag-szentiras","tag-szentlelek","tag-tanitas","tag-templom","tag-ujszovetseg","tag-vallas"],"_links":{"self":[{"href":"https:\/\/actio-catholica.hu\/index.php\/wp-json\/wp\/v2\/posts\/7402","targetHints":{"allow":["GET"]}}],"collection":[{"href":"https:\/\/actio-catholica.hu\/index.php\/wp-json\/wp\/v2\/posts"}],"about":[{"href":"https:\/\/actio-catholica.hu\/index.php\/wp-json\/wp\/v2\/types\/post"}],"author":[{"embeddable":true,"href":"https:\/\/actio-catholica.hu\/index.php\/wp-json\/wp\/v2\/users\/3"}],"replies":[{"embeddable":true,"href":"https:\/\/actio-catholica.hu\/index.php\/wp-json\/wp\/v2\/comments?post=7402"}],"version-history":[{"count":3,"href":"https:\/\/actio-catholica.hu\/index.php\/wp-json\/wp\/v2\/posts\/7402\/revisions"}],"predecessor-version":[{"id":7406,"href":"https:\/\/actio-catholica.hu\/index.php\/wp-json\/wp\/v2\/posts\/7402\/revisions\/7406"}],"wp:featuredmedia":[{"embeddable":true,"href":"https:\/\/actio-catholica.hu\/index.php\/wp-json\/wp\/v2\/media\/5003"}],"wp:attachment":[{"href":"https:\/\/actio-catholica.hu\/index.php\/wp-json\/wp\/v2\/media?parent=7402"}],"wp:term":[{"taxonomy":"category","embeddable":true,"href":"https:\/\/actio-catholica.hu\/index.php\/wp-json\/wp\/v2\/categories?post=7402"},{"taxonomy":"post_tag","embeddable":true,"href":"https:\/\/actio-catholica.hu\/index.php\/wp-json\/wp\/v2\/tags?post=7402"}],"curies":[{"name":"wp","href":"https:\/\/api.w.org\/{rel}","templated":true}]}}