{"id":7899,"date":"2026-09-03T12:21:54","date_gmt":"2026-09-03T10:21:54","guid":{"rendered":"https:\/\/actio-catholica.hu\/?p=7899"},"modified":"2026-09-03T12:21:54","modified_gmt":"2026-09-03T10:21:54","slug":"fiatal-vietnamiak-felfedezik-a-latin-miset-tlm","status":"publish","type":"post","link":"https:\/\/actio-catholica.hu\/index.php\/2026\/09\/03\/fiatal-vietnamiak-felfedezik-a-latin-miset-tlm\/","title":{"rendered":"Fiatal vietn\u00e1miak felfedezik a latin mis\u00e9t (TLM)"},"content":{"rendered":"<div dir=\"auto\"><em>Egy vas\u00e1rnap reggel Hanoiban csend borul egy mag\u00e1nlak\u00e1sra, ahogy a templomi harang megsz\u00f3lal.<\/em><\/div>\n<div dir=\"auto\"><em>A nappaliban, amelyet ideiglenesen k\u00e1poln\u00e1v\u00e1 alak\u00edtottak \u00e1t, gondosan el\u0151k\u00e9sz\u00edtettek egy egyszer\u0171 olt\u00e1rt. A t\u00f6mj\u00e9nf\u00fcst felh\u0151i k\u00f6z\u00f6tt egy vend\u00e9gpap kezdi meg a hagyom\u00e1nyos latin mis\u00e9t. A gregori\u00e1n \u00e9nek t\u00f6lti be a termet, miel\u0151tt latin nyelven megkezd\u0151dnek az im\u00e1k. A gy\u00fclekezet nagy r\u00e9sze k\u00e9tnyelv\u0171 misek\u00f6nyvekb\u0151l k\u00f6veti az istentiszteletet, gondosan lapozgatva az egyes oldalakat a liturgia el\u0151rehaladt\u00e1val.<\/em><\/div>\n<p><!--more--><\/p>\n<h3 dir=\"auto\"><img loading=\"lazy\" decoding=\"async\" class=\"aligncenter wp-image-7901\" src=\"https:\/\/actio-catholica.hu\/wp-content\/uploads\/2026\/09\/young-vietnamese-catholics-are-rediscovering-the-latin-mass-6a9009d000230_600.webp\" alt=\"\" width=\"1980\" height=\"1031\" srcset=\"https:\/\/actio-catholica.hu\/wp-content\/uploads\/2026\/09\/young-vietnamese-catholics-are-rediscovering-the-latin-mass-6a9009d000230_600.webp 960w, https:\/\/actio-catholica.hu\/wp-content\/uploads\/2026\/09\/young-vietnamese-catholics-are-rediscovering-the-latin-mass-6a9009d000230_600-300x156.webp 300w, https:\/\/actio-catholica.hu\/wp-content\/uploads\/2026\/09\/young-vietnamese-catholics-are-rediscovering-the-latin-mass-6a9009d000230_600-768x400.webp 768w\" sizes=\"auto, (max-width: 1980px) 100vw, 1980px\" \/><\/h3>\n<h3 dir=\"auto\">A jelenet k\u00f6nnyen egy m\u00e1sik sz\u00e1zadb\u00f3l is sz\u00e1rmazhatna.<\/h3>\n<div dir=\"auto\" style=\"text-align: justify;\">Ehelyett azonban a modern Vietnamban j\u00e1tsz\u00f3dik le.<\/div>\n<div dir=\"auto\" style=\"text-align: justify;\">M\u00e9g a liturgia mag\u00e1n\u00e1l is meglep\u0151bbek a gy\u00fclekezet tagjainak arcai. A h\u00edv\u0151k t\u00f6bbs\u00e9ge a h\u00faszas vagy harmincas \u00e9veiben j\u00e1r. \u0150k a II. Vatik\u00e1ni Zsinat ut\u00e1ni, vietn\u00e1mi nyelv\u0171 mis\u00e9kre j\u00e1rva n\u0151ttek fel. Sokan k\u00f6z\u00fcl\u00fck feln\u0151ttkorukig soha nem tal\u00e1lkoztak a hagyom\u00e1nyos latin mis\u00e9vel.<\/div>\n<div dir=\"auto\" style=\"text-align: justify;\">Ma azonban \u0151k alkotj\u00e1k a vietnami kicsi, de n\u00f6vekv\u0151 tradicionalista mozgalom gerinc\u00e9t.<\/div>\n<div dir=\"auto\" style=\"text-align: justify;\">T\u00f6rt\u00e9net\u00fck megk\u00e9rd\u0151jelezi a katolikus tradicionalizmusr\u00f3l sz\u00f3l\u00f3 egyik leggyakoribb felt\u00e9telez\u00e9st: hogy azt a nosztalgia vez\u00e9rli.<\/div>\n<div dir=\"auto\" style=\"text-align: justify;\">Vietnamban eleve alig van nosztalgia.<\/div>\n<h3 dir=\"auto\">Egy glob\u00e1lis vita el\u00e9ri Vietn\u00e1mot<\/h3>\n<div dir=\"auto\" style=\"text-align: justify;\">Kev\u00e9s k\u00e9rd\u00e9s v\u00e1ltott ki olyan nagy vit\u00e1t a katolikus egyh\u00e1zon bel\u00fcl az elm\u00falt \u00e9vekben, mint a hagyom\u00e1nyos latin mise.<\/div>\n<div dir=\"auto\" style=\"text-align: justify;\">2007-ben XVI. Benedek p\u00e1pa Summorum Pontificum c\u00edm\u0171 enciklik\u00e1ja jelent\u0151sen megk\u00f6nny\u00edtette a papok sz\u00e1m\u00e1ra az 1962-es r\u00f3mai misek\u00f6nyv szerinti mise celebr\u00e1l\u00e1s\u00e1t. Tizenn\u00e9gy \u00e9vvel k\u00e9s\u0151bb Ferenc p\u00e1pa kiadta a Traditionis Custodes c\u00edm\u0171 dokumentumot, amely az egyh\u00e1zi egys\u00e9g \u00e9rdek\u00e9ben nagyobb hat\u00e1sk\u00f6rt biztos\u00edtott a egyh\u00e1zmegyei p\u00fcsp\u00f6k\u00f6knek a mise celebr\u00e1l\u00e1s\u00e1nak szab\u00e1lyoz\u00e1s\u00e1ra.<\/div>\n<div dir=\"auto\" style=\"text-align: justify;\">Eur\u00f3p\u00e1ban \u00e9s \u00c9szak-Amerik\u00e1ban a tradicionalista k\u00f6z\u00f6ss\u00e9gek gyakran \u00f6sszekapcsol\u00f3dtak a II. Vatik\u00e1ni Zsinatr\u00f3l, az egyh\u00e1zi tekint\u00e9lyr\u0151l, s\u0151t a politikai identit\u00e1sr\u00f3l foly\u00f3 sz\u00e9lesebb k\u00f6r\u0171 vit\u00e1kkal.<\/div>\n<div dir=\"auto\" style=\"text-align: justify;\">Ezek a vit\u00e1k Vietn\u00e1mot sem hagyt\u00e1k \u00e9rintetlen\u00fcl.<\/div>\n<div dir=\"auto\" style=\"text-align: justify;\">De a vietn\u00e1mi tradicionalista mozgalom eg\u00e9szen m\u00e1s k\u00f6r\u00fclm\u00e9nyek k\u00f6z\u00f6tt alakult ki.<\/div>\n<div dir=\"auto\" style=\"text-align: justify;\">Nem azok a katolikusok vezetik, akik eml\u00e9keznek a II. Vatik\u00e1ni Zsinat el\u0151tti egyh\u00e1zra, hanem nagyr\u00e9szt olyan emberek alak\u00edtj\u00e1k, akik \u00e9vtizedekkel a liturgikus reformok ut\u00e1n sz\u00fclettek.<\/div>\n<h3 dir=\"auto\">Egy sz\u00e1mukra eddig ismeretlen hagyom\u00e1ny felfedez\u00e9se<\/h3>\n<div dir=\"auto\">N\u00e9h\u00e1nyan el\u0151sz\u00f6r akkor tal\u00e1lkoztak a hagyom\u00e1nyos latin mis\u00e9vel, amikor k\u00fclf\u00f6ld\u00f6n tanultak vagy dolgoztak olyan orsz\u00e1gokban, mint Olaszorsz\u00e1g, Franciaorsz\u00e1g, Lengyelorsz\u00e1g vagy az Egyes\u00fclt \u00c1llamok. M\u00e1sok k\u00f6nyvek, online el\u0151ad\u00e1sok, YouTube-csatorn\u00e1k \u00e9s a katolikus t\u00f6rt\u00e9nelemnek \u00e9s liturgi\u00e1nak szentelt digit\u00e1lis k\u00f6z\u00f6ss\u00e9gek r\u00e9v\u00e9n ismerkedtek meg vele.<\/div>\n<div dir=\"auto\">Ironikus m\u00f3don \u00e9ppen a globaliz\u00e1ci\u00f3 v\u00e1lt a vietnami tradicionalista \u00fajj\u00e1\u00e9led\u00e9s egyik leger\u0151sebb hajt\u00f3erej\u00e9v\u00e9.<\/div>\n<div dir=\"auto\">A nemzetk\u00f6zi utaz\u00e1sok \u00e9s az internet r\u00e9v\u00e9n a fiatal vietnami katolikusok megismerkedtek az egyh\u00e1z liturgikus \u00e9s teol\u00f3giai \u00f6r\u00f6ks\u00e9g\u00e9nek olyan r\u00e9szeivel, amelyekkel sokan kor\u00e1bban soha nem tal\u00e1lkoztak.<\/div>\n<div dir=\"auto\">N\u00e9h\u00e1nyan gregori\u00e1n \u00e9neket tanultak. M\u00e1sok elkezdt\u00e9k olvasni az egyh\u00e1zaty\u00e1kat, a k\u00f6z\u00e9pkori lelkigyakorlati \u00edr\u00f3kat \u00e9s a klasszikus katekizmusokat. Sokan m\u00e9g liturgikus latin nyelvet is megtanultak \u00f6n\u00e1ll\u00f3an, hogy k\u00f6vetni tudj\u00e1k az im\u00e1kat.<\/div>\n<div dir=\"auto\">\u201eAmi el\u0151sz\u00f6r vonzott a hagyom\u00e1nyos latin mis\u00e9hez, az a gregori\u00e1n \u00e9nek volt\u201d \u2013 mondta Joseph Christopher Nguyen Thien Tuan Hoang, aki Vietn\u00e1m egyik hagyom\u00e1ny\u0151rz\u0151 katolikus k\u00f6z\u00f6ss\u00e9g\u00e9t vezeti. \u201eAz \u0151si dallamok megtan\u00edtottak arra, hogy a szent zene nem csup\u00e1n a hangr\u00f3l sz\u00f3l, hanem a csendr\u0151l is.\u201d<\/div>\n<div dir=\"auto\">Ami azonban visszatartotta, az valami m\u00e9lyebb volt.<\/div>\n<div dir=\"auto\">\u201eR\u00e1j\u00f6ttem, hogy a r\u00e9gebbi liturgia milyen szorosan t\u00fckr\u00f6zi azt a hitet, amelyet gyerekkoromban a pl\u00e9b\u00e1ni\u00e1m id\u0151s katolikusait\u00f3l tanultam\u201d \u2013 mondta. \u201eOlyan volt, mintha \u00fajra felfedeztem volna azt, ahogyan \u0151seim \u00e9lt\u00e9k meg a hit\u00fcket.\u201d<\/p>\n<\/div>\n<div dir=\"auto\">Sok nyugati tradicionalist\u00e1val ellent\u00e9tben a vietnami fiatal katolikusok nem egy elveszett m\u00falt eml\u00e9keinek feleleven\u00edt\u00e9s\u00e9re t\u00f6rekednek.<\/div>\n<div dir=\"auto\">Hanem egy olyan hagyom\u00e1nyt fedeznek fel, amelyet soha nem \u00f6r\u00f6k\u00f6ltek.<\/div>\n<h3 dir=\"auto\">T\u00f6bb, mint a latin mise<\/h3>\n<div dir=\"auto\">Sok fiatal vietnami tradicionalista sz\u00e1m\u00e1ra az \u00fat nem \u00e9r v\u00e9get mag\u00e1val a liturgi\u00e1val.<\/div>\n<div dir=\"auto\">A r\u00e9gebbi r\u00edtus \u00fajrafelfedez\u00e9se visszavezetett \u0151ket Vietnam saj\u00e1t katolikus \u00f6r\u00f6ks\u00e9g\u00e9nek elfeledett r\u00e9szeihez is.<\/div>\n<div dir=\"auto\">\u201eA latin mis\u00e9vel egy\u00fctt \u00fajra felfedezt\u00fck a vietnami im\u00e1k \u00e9s kateketikai sz\u00f6vegek kincs\u00e9t, amelyeket a misszion\u00e1riusok a II. Vatik\u00e1ni Zsinat el\u0151tt \u00e1ll\u00edtottak \u00f6ssze\u201d \u2013 mondta Hoang. \u201eEzeket m\u00e1r kor\u00e1bban hozz\u00e1igaz\u00edtott\u00e1k a vietnami kult\u00far\u00e1hoz \u00e9s nyelvhez. D\u00e9lkelet-\u00c1zsi\u00e1ban kev\u00e9s katolikus k\u00f6z\u00f6ss\u00e9g rendelkezik m\u00e9g ilyen gazdag \u00f6r\u00f6ks\u00e9ggel.\u201d<\/div>\n<div dir=\"auto\">A k\u00f6z\u00f6ss\u00e9g sok tagja sz\u00e1m\u00e1ra ezeknek a sz\u00f6vegeknek a meg\u0151rz\u00e9se nem csup\u00e1n t\u00f6rt\u00e9nelmi k\u00edv\u00e1ncsis\u00e1gb\u00f3l fakad. \u00c9rt\u00e9kes forr\u00e1snak tekintik \u0151ket a hit tan\u00edt\u00e1s\u00e1hoz olyan nyelven, amelyet a vietnami katolikusok gener\u00e1ci\u00f3i egykor term\u00e9szetesen meg\u00e9rtettek.<\/div>\n<div dir=\"auto\">Ebben az \u00e9rtelemben Vietn\u00e1m tradicionalista \u00fajj\u00e1\u00e9led\u00e9se t\u00f6bbr\u0151l sz\u00f3l, mint egy r\u00e9gebbi r\u00f3mai liturgia meg\u0151rz\u00e9s\u00e9r\u0151l. Arr\u00f3l is sz\u00f3l, hogy visszanyerj\u00e9k a jellegzetesen vietn\u00e1mi katolikus identit\u00e1st.<\/div>\n<h3 dir=\"auto\">Int\u00e9zm\u00e9nyek n\u00e9lk\u00fcli mozgalom<\/h3>\n<div dir=\"auto\">Olyan orsz\u00e1gokkal ellent\u00e9tben, mint Franciaorsz\u00e1g vagy az Egyes\u00fclt \u00c1llamok, Vietnamban nincs kialakult pl\u00e9b\u00e1niah\u00e1l\u00f3zat, amely a hagyom\u00e1nyos latin mis\u00e9t szolg\u00e1ln\u00e1. Ehelyett a tradicionalista k\u00f6z\u00f6ss\u00e9gek kicsik maradnak, \u00e9s csak laza kapcsolatok f\u0171zik \u0151ket egym\u00e1shoz.<\/div>\n<div dir=\"auto\">Sokan bar\u00e1ts\u00e1gok, online csoportok vagy k\u00fclf\u00f6ldi tanulm\u00e1nyok sor\u00e1n kialakult kapcsolatok r\u00e9v\u00e9n ismerik egym\u00e1st. Mivel a r\u00e9gebbi liturgia meg\u00fcnnepl\u00e9s\u00e9nek lehet\u0151s\u00e9gei tov\u00e1bbra is korl\u00e1tozottak, a mis\u00e9t gyakran csak akkor szervezik meg, amikor a k\u00f6r\u00fclm\u00e9nyek megengedik, n\u00e9ha vend\u00e9gk\u00e9nt \u00e9rkez\u0151 k\u00fclf\u00f6ldi papok seg\u00edts\u00e9g\u00e9vel.<\/div>\n<div dir=\"auto\">Ennek k\u00f6vetkezt\u00e9ben a mozgalom nem annyira int\u00e9zm\u00e9nyek, mint ink\u00e1bb szem\u00e9lyes h\u00e1l\u00f3zatok r\u00e9v\u00e9n n\u00f6vekedett.<\/div>\n<h3 dir=\"auto\">F\u00e9lre\u00e9rt\u00e9sr\u0151l f\u00e9lre\u00e9rt\u00e9sre<\/h3>\n<div dir=\"auto\">B\u00e1r viszonylag kicsi, a vietnami tradicionalista mozgalom sem ker\u00fclte el a vit\u00e1kat.<\/div>\n<div dir=\"auto\">A katolikus k\u00f6z\u00f6ss\u00e9gi m\u00e9di\u00e1ban a latin mis\u00e9r\u0151l sz\u00f3l\u00f3 vit\u00e1k gyakran polariz\u00e1l\u00f3dnak. Egyes katolikusok azt felt\u00e9telezik, hogy aki ragaszkodik a r\u00e9gebbi liturgi\u00e1hoz, az biztosan ellenzi a II. Vatik\u00e1ni Zsinatot, vagy elutas\u00edtja Ferenc p\u00e1p\u00e1t.<\/div>\n<div dir=\"auto\">A tradicionalist\u00e1k azzal \u00e9rvelnek, hogy ezek a felt\u00e9telez\u00e9sek nem t\u00fckr\u00f6zik a val\u00f3s\u00e1got.<\/div>\n<div dir=\"auto\">\u201eA legnagyobb kih\u00edv\u00e1sunk nem az ellens\u00e9gesked\u00e9s, hanem a f\u00e9lre\u00e9rt\u00e9s\u201d \u2013 mondta Hoang.<\/div>\n<div dir=\"auto\">\u201eHa t\u00f6bb egyh\u00e1zi vezet\u0151 meg\u00e9rten\u00e9, mi\u00e9rt vonz\u00f3dnak egyes fiatal katolikusok a r\u00e9gebbi liturgi\u00e1hoz, \u00fagy gondolom, t\u00f6bb embernek lenne lehet\u0151s\u00e9ge megismerni az egyh\u00e1zi hagyom\u00e1ny ezen r\u00e9sz\u00e9t.\u201d<\/div>\n<h3 dir=\"auto\">A mozgalom egy m\u00e1sik kih\u00edv\u00e1ssal is szembes\u00fcl.<\/h3>\n<div dir=\"auto\">Egyes sz\u00e9ls\u0151s\u00e9ges csoportok kisaj\u00e1t\u00edtott\u00e1k a \u201ehagyom\u00e1ny\u201d kifejez\u00e9st, mik\u00f6zben olyan eszm\u00e9ket hirdetnek, amelyek t\u00fall\u00e9pnek a hivatalos katolikus tan\u00edt\u00e1son, vagy ak\u00e1r ellentmondanak is annak. Jelenl\u00e9t\u00fck miatt a k\u00edv\u00fcl\u00e1ll\u00f3k sz\u00e1m\u00e1ra nehezebb\u00e9 v\u00e1lt megk\u00fcl\u00f6nb\u00f6ztetni a hagyom\u00e1nyos liturgi\u00e1hoz h\u0171 katolikusokat \u00e9s azokat a csoportokat, amelyeket els\u0151sorban ideol\u00f3giai ellenz\u00e9kis\u00e9g jellemez.<\/div>\n<h3 dir=\"auto\">A gy\u00f6kerek keres\u00e9se<\/h3>\n<div dir=\"auto\">A fiatal vietnami tradicionalist\u00e1kkal folytatott besz\u00e9lget\u00e9sek sor\u00e1n egy visszat\u00e9r\u0151 t\u00e9ma rajzol\u00f3dik ki.<\/div>\n<div dir=\"auto\">Kevesen kezdenek a latin nyelvr\u0151l besz\u00e9lni. Ehelyett a csendr\u0151l, a sz\u00e9ps\u00e9gr\u0151l \u00e9s a folytonoss\u00e1gr\u00f3l besz\u00e9lnek.<\/div>\n<div dir=\"auto\">\u00dagy \u00edrj\u00e1k le a hagyom\u00e1nyos latin mis\u00e9t, hogy az seg\u00edt nekik nagyobb \u00f6sszpontos\u00edt\u00e1ssal im\u00e1dkozni, mik\u00f6zben \u00f6sszek\u00f6ti \u0151ket az el\u0151tt\u00fck \u00e9l\u0151 h\u00edv\u0151k gener\u00e1ci\u00f3ival.<\/div>\n<div dir=\"auto\">Ez a folyamatos digit\u00e1lis zavar\u00f3 t\u00e9nyez\u0151k \u00e9s a gyors t\u00e1rsadalmi v\u00e1ltoz\u00e1sok kor\u00e1ban valami \u00e1lland\u00f3 ut\u00e1n val\u00f3 kutat\u00e1s.<\/div>\n<div dir=\"auto\">Egyel\u0151re bizonytalan, hogy a vietnami tradicionalista mozgalom egy sz\u0171k k\u00f6r\u0171 k\u00f6z\u00f6ss\u00e9g marad-e, vagy fokozatosan egyre l\u00e1that\u00f3bb\u00e1 v\u00e1lik a helyi egyh\u00e1z \u00e9let\u00e9ben.<\/div>\n<div dir=\"auto\">Ami azonban m\u00e1r most egy\u00e9rtelm\u0171, az az, hogy a mozgalom \u00fajj\u00e1\u00e9led\u00e9s\u00e9t nem azok vezetik, akik visszafel\u00e9 tekintenek.<\/div>\n<div dir=\"auto\">Hanem egy olyan gener\u00e1ci\u00f3 vezeti, amely m\u00e9lyebbre tekint.<\/div>\n","protected":false},"excerpt":{"rendered":"<p>Egy vas\u00e1rnap reggel Hanoiban csend borul egy mag\u00e1nlak\u00e1sra, ahogy a templomi harang megsz\u00f3lal. A nappaliban, amelyet ideiglenesen k\u00e1poln\u00e1v\u00e1 alak\u00edtottak \u00e1t, gondosan el\u0151k\u00e9sz\u00edtettek egy egyszer\u0171 olt\u00e1rt. A t\u00f6mj\u00e9nf\u00fcst felh\u0151i k\u00f6z\u00f6tt egy vend\u00e9gpap kezdi meg a hagyom\u00e1nyos latin mis\u00e9t. A gregori\u00e1n \u00e9nek&#8230;<\/p>\n","protected":false},"author":3,"featured_media":7900,"comment_status":"closed","ping_status":"closed","sticky":false,"template":"","format":"standard","meta":{"h5ap_radio_sources":[],"footnotes":""},"categories":[1614],"tags":[227,297,54,187,55,348,241,51,78,61,144,47,131,52,120,294],"class_list":["post-7899","post","type-post","status-publish","format-standard","has-post-thumbnail","hentry","category-ucanews-com","tag-ii-vatikani-zsinat","tag-isten","tag-jezus","tag-katolikus","tag-krisztus","tag-liberalizmus","tag-liturgia","tag-oszovetseg","tag-papa","tag-puspok","tag-szentlelek","tag-tanitas","tag-templom","tag-ujszovetseg","tag-unnep","tag-vallas","wpcat-1614-id"],"_links":{"self":[{"href":"https:\/\/actio-catholica.hu\/index.php\/wp-json\/wp\/v2\/posts\/7899","targetHints":{"allow":["GET"]}}],"collection":[{"href":"https:\/\/actio-catholica.hu\/index.php\/wp-json\/wp\/v2\/posts"}],"about":[{"href":"https:\/\/actio-catholica.hu\/index.php\/wp-json\/wp\/v2\/types\/post"}],"author":[{"embeddable":true,"href":"https:\/\/actio-catholica.hu\/index.php\/wp-json\/wp\/v2\/users\/3"}],"replies":[{"embeddable":true,"href":"https:\/\/actio-catholica.hu\/index.php\/wp-json\/wp\/v2\/comments?post=7899"}],"version-history":[{"count":1,"href":"https:\/\/actio-catholica.hu\/index.php\/wp-json\/wp\/v2\/posts\/7899\/revisions"}],"predecessor-version":[{"id":7902,"href":"https:\/\/actio-catholica.hu\/index.php\/wp-json\/wp\/v2\/posts\/7899\/revisions\/7902"}],"wp:featuredmedia":[{"embeddable":true,"href":"https:\/\/actio-catholica.hu\/index.php\/wp-json\/wp\/v2\/media\/7900"}],"wp:attachment":[{"href":"https:\/\/actio-catholica.hu\/index.php\/wp-json\/wp\/v2\/media?parent=7899"}],"wp:term":[{"taxonomy":"category","embeddable":true,"href":"https:\/\/actio-catholica.hu\/index.php\/wp-json\/wp\/v2\/categories?post=7899"},{"taxonomy":"post_tag","embeddable":true,"href":"https:\/\/actio-catholica.hu\/index.php\/wp-json\/wp\/v2\/tags?post=7899"}],"curies":[{"name":"wp","href":"https:\/\/api.w.org\/{rel}","templated":true}]}}